{"id":743,"date":"2015-09-27T23:22:01","date_gmt":"2015-09-27T21:22:01","guid":{"rendered":"http:\/\/tastepoland.pl\/?p=743"},"modified":"2016-04-29T22:44:48","modified_gmt":"2016-04-29T20:44:48","slug":"trojmiasto","status":"publish","type":"post","link":"https:\/\/tastepoland.pl\/en\/2015\/09\/27\/trojmiasto\/","title":{"rendered":"Fl\u0105dra czy Maroko czyli o wizycie w Tr\u00f3jmie\u015bcie"},"content":{"rendered":"<p><div id=\"penci-post-gallery__73296\" class=\"penci-post-gallery-container single-slider column-3\" data-height=\"300\" data-margin=\"3\"><div class=\"penci-owl-carousel penci-owl-carousel-slider penci-nav-visible\" data-auto=\"true\" data-lazy=\"true\"><figure><a class=\"penci-gallery-ite item-gallery-single-slider item-link-relative\" href=\"https:\/\/tastepoland.pl\/wp-content\/uploads\/2015\/09\/morze-4.jpg\"><span class=\"penci-isotope-padding\" style=\"padding-bottom:150.00000000%;\"><\/span><img src=\"https:\/\/tastepoland.pl\/wp-content\/uploads\/2015\/09\/morze-4-1170x1755.jpg\" alt=\"\" title=\"morze-4\"><\/a><\/figure><figure><a class=\"penci-gallery-ite item-gallery-single-slider item-link-relative\" href=\"https:\/\/tastepoland.pl\/wp-content\/uploads\/2015\/09\/morze.jpg\"><span class=\"penci-isotope-padding\" style=\"padding-bottom:66.66666667%;\"><\/span><img src=\"https:\/\/tastepoland.pl\/wp-content\/uploads\/2015\/09\/morze-1170x780.jpg\" alt=\"\" title=\"morze\"><\/a><\/figure><figure><a class=\"penci-gallery-ite item-gallery-single-slider item-link-relative\" href=\"https:\/\/tastepoland.pl\/wp-content\/uploads\/2015\/09\/morze-2.jpg\"><span class=\"penci-isotope-padding\" style=\"padding-bottom:150.00000000%;\"><\/span><img src=\"https:\/\/tastepoland.pl\/wp-content\/uploads\/2015\/09\/morze-2-1170x1755.jpg\" alt=\"\" title=\"morze-2\"><\/a><\/figure><figure><a class=\"penci-gallery-ite item-gallery-single-slider item-link-relative\" href=\"https:\/\/tastepoland.pl\/wp-content\/uploads\/2015\/09\/morze-3.jpg\"><span class=\"penci-isotope-padding\" style=\"padding-bottom:66.66666667%;\"><\/span><img src=\"https:\/\/tastepoland.pl\/wp-content\/uploads\/2015\/09\/morze-3-1170x780.jpg\" alt=\"\" title=\"morze-3\"><\/a><\/figure><figure><a class=\"penci-gallery-ite item-gallery-single-slider item-link-relative\" href=\"https:\/\/tastepoland.pl\/wp-content\/uploads\/2015\/09\/morze-5.jpg\"><span class=\"penci-isotope-padding\" style=\"padding-bottom:150.00000000%;\"><\/span><img src=\"https:\/\/tastepoland.pl\/wp-content\/uploads\/2015\/09\/morze-5-1170x1755.jpg\" alt=\"\" title=\"morze-5\"><\/a><\/figure><figure><a class=\"penci-gallery-ite item-gallery-single-slider item-link-relative\" href=\"https:\/\/tastepoland.pl\/wp-content\/uploads\/2015\/09\/morze-6.jpg\"><span class=\"penci-isotope-padding\" style=\"padding-bottom:150.00000000%;\"><\/span><img src=\"https:\/\/tastepoland.pl\/wp-content\/uploads\/2015\/09\/morze-6-1170x1755.jpg\" alt=\"\" title=\"morze-6\"><\/a><\/figure><figure><a class=\"penci-gallery-ite item-gallery-single-slider item-link-relative\" href=\"https:\/\/tastepoland.pl\/wp-content\/uploads\/2015\/09\/morze-7.jpg\"><span class=\"penci-isotope-padding\" style=\"padding-bottom:150.00000000%;\"><\/span><img src=\"https:\/\/tastepoland.pl\/wp-content\/uploads\/2015\/09\/morze-7-1170x1755.jpg\" alt=\"\" title=\"morze-7\"><\/a><\/figure><figure><a class=\"penci-gallery-ite item-gallery-single-slider item-link-relative\" href=\"https:\/\/tastepoland.pl\/wp-content\/uploads\/2015\/09\/morze-8.jpg\"><span class=\"penci-isotope-padding\" style=\"padding-bottom:66.66666667%;\"><\/span><img src=\"https:\/\/tastepoland.pl\/wp-content\/uploads\/2015\/09\/morze-8-1170x780.jpg\" alt=\"\" title=\"morze-8\"><\/a><\/figure><figure><a class=\"penci-gallery-ite item-gallery-single-slider item-link-relative\" href=\"https:\/\/tastepoland.pl\/wp-content\/uploads\/2015\/09\/morze-9.jpg\"><span class=\"penci-isotope-padding\" style=\"padding-bottom:150.00000000%;\"><\/span><img src=\"https:\/\/tastepoland.pl\/wp-content\/uploads\/2015\/09\/morze-9-1170x1755.jpg\" alt=\"\" title=\"morze-9\"><\/a><\/figure><figure><a class=\"penci-gallery-ite item-gallery-single-slider item-link-relative\" href=\"https:\/\/tastepoland.pl\/wp-content\/uploads\/2015\/09\/morze-15.jpg\"><span class=\"penci-isotope-padding\" style=\"padding-bottom:66.66666667%;\"><\/span><img src=\"https:\/\/tastepoland.pl\/wp-content\/uploads\/2015\/09\/morze-15-1170x780.jpg\" alt=\"\" title=\"morze-15\"><\/a><\/figure><figure><a class=\"penci-gallery-ite item-gallery-single-slider item-link-relative\" href=\"https:\/\/tastepoland.pl\/wp-content\/uploads\/2015\/09\/morze-14.jpg\"><span class=\"penci-isotope-padding\" style=\"padding-bottom:66.66666667%;\"><\/span><img src=\"https:\/\/tastepoland.pl\/wp-content\/uploads\/2015\/09\/morze-14-1170x780.jpg\" alt=\"\" title=\"morze-14\"><\/a><\/figure><figure><a class=\"penci-gallery-ite item-gallery-single-slider item-link-relative\" href=\"https:\/\/tastepoland.pl\/wp-content\/uploads\/2015\/09\/morze-21.jpg\"><span class=\"penci-isotope-padding\" style=\"padding-bottom:150.00000000%;\"><\/span><img src=\"https:\/\/tastepoland.pl\/wp-content\/uploads\/2015\/09\/morze-21-1170x1755.jpg\" alt=\"\" title=\"morze-21\"><\/a><\/figure><figure><a class=\"penci-gallery-ite item-gallery-single-slider item-link-relative\" href=\"https:\/\/tastepoland.pl\/wp-content\/uploads\/2015\/09\/morze-16.jpg\"><span class=\"penci-isotope-padding\" style=\"padding-bottom:66.66666667%;\"><\/span><img src=\"https:\/\/tastepoland.pl\/wp-content\/uploads\/2015\/09\/morze-16-1170x780.jpg\" alt=\"\" title=\"morze-16\"><\/a><\/figure><figure><a class=\"penci-gallery-ite item-gallery-single-slider item-link-relative\" href=\"https:\/\/tastepoland.pl\/wp-content\/uploads\/2015\/09\/morze-10.jpg\"><span class=\"penci-isotope-padding\" style=\"padding-bottom:150.00000000%;\"><\/span><img src=\"https:\/\/tastepoland.pl\/wp-content\/uploads\/2015\/09\/morze-10-1170x1755.jpg\" alt=\"\" title=\"morze-10\"><\/a><\/figure><figure><a class=\"penci-gallery-ite item-gallery-single-slider item-link-relative\" href=\"https:\/\/tastepoland.pl\/wp-content\/uploads\/2015\/09\/morze-13.jpg\"><span class=\"penci-isotope-padding\" style=\"padding-bottom:150.00000000%;\"><\/span><img src=\"https:\/\/tastepoland.pl\/wp-content\/uploads\/2015\/09\/morze-13-1170x1755.jpg\" alt=\"\" title=\"morze-13\"><\/a><\/figure><figure><a class=\"penci-gallery-ite item-gallery-single-slider item-link-relative\" href=\"https:\/\/tastepoland.pl\/wp-content\/uploads\/2015\/09\/morze-17.jpg\"><span class=\"penci-isotope-padding\" style=\"padding-bottom:150.00000000%;\"><\/span><img src=\"https:\/\/tastepoland.pl\/wp-content\/uploads\/2015\/09\/morze-17-1170x1755.jpg\" alt=\"\" title=\"morze-17\"><\/a><\/figure><figure><a class=\"penci-gallery-ite item-gallery-single-slider item-link-relative\" href=\"https:\/\/tastepoland.pl\/wp-content\/uploads\/2015\/09\/morze-19.jpg\"><span class=\"penci-isotope-padding\" style=\"padding-bottom:66.66666667%;\"><\/span><img src=\"https:\/\/tastepoland.pl\/wp-content\/uploads\/2015\/09\/morze-19-1170x780.jpg\" alt=\"\" title=\"morze-19\"><\/a><\/figure><figure><a class=\"penci-gallery-ite item-gallery-single-slider item-link-relative\" href=\"https:\/\/tastepoland.pl\/wp-content\/uploads\/2015\/09\/morze-20-1.jpg\"><span class=\"penci-isotope-padding\" style=\"padding-bottom:150.00000000%;\"><\/span><img src=\"https:\/\/tastepoland.pl\/wp-content\/uploads\/2015\/09\/morze-20-1-1170x1755.jpg\" alt=\"\" title=\"morze-20\"><\/a><\/figure><\/div><\/div><\/p>\n<p style=\"text-align: justify;\">W przedostatni weekend wakacji wybrali\u015bmy si\u0119 Pendolino do Gdyni. Pola ju\u017c od kilku dni wcze\u015bniej by\u0142a\u00a0nakr\u0119cona na podr\u00f3\u017c\u00a0poci\u0105giem, ja bardziej na samo morze&#8230; no i oczywi\u015bcie kulinarne odkrycia. Kasi spodoba\u0142 si\u0119 sam pomys\u0142\u00a0z poci\u0105giem, bo to tylko 3,5 godziny podr\u00f3\u017cy&#8230; \ud83d\ude42<\/p>\n<p style=\"text-align: justify;\">Pytanie, co dzi\u015b jest najlepsze nad morzem? Opr\u00f3cz samego morza oczywi\u015bcie&#8230; Chyba z wiekiem staj\u0119 si\u0119 sentymentalny, bo\u00a0po raz kolejny powiem, \u017ce wspomnienia dzieci\u0119cych lat i wakacji z rodzin\u0105&#8230;<\/p>\n<p style=\"text-align: justify;\">To nie tylko ci\u0105gniecie si\u0119 z ca\u0142ym majdanem przez las na wydmach, rozbijanie parawanu na bia\u0142ej pla\u017cy, lodowata woda\u00a0i lody Bambino&#8230; ale r\u00f3wnie\u017c obiadki przy pla\u017cy w sma\u017calni z obowi\u0105zkow\u0105 sma\u017con\u0105 ryb\u0105. Za mn\u0105 od kilku dni chodzi\u0142a fl\u0105dra, kt\u00f3rej nie jad\u0142em kilka dobrych lat. Dzi\u015b mo\u017cna dosta\u0107 \u0142ososia, pstr\u0105ga i ma\u0142\u017ce \u015aw. Jakuba w ka\u017cdym przeci\u0119tnym sklepie&#8230; ale znalezienie fl\u0105dry to nie lada wyzwanie. Wyprawa nad morze nie mog\u0142a si\u0119 oby\u0107 bez \u015bwie\u017cej fl\u0105dry.<\/p>\n<p style=\"text-align: justify;\">Jak przyszed\u0142 czas na konsumpcj\u0119\u00a0swoje kroki\u00a0skierowali\u015bmy do <strong>Baru Przysta\u0144.<\/strong> Niech za reklam\u0119 tego miejsca pos\u0142u\u017cy fakt, \u017ce od razu zosta\u0142em uprzedzony&#8230; \u017ce czeka mnie conajmniej 30 minut czekania, ale na pewno nie b\u0119d\u0119 narzeka\u0142 \ud83d\ude42<\/p>\n<p style=\"text-align: justify;\">Kolejka oczywi\u015bcie by\u0142a. Na plus jest to, \u017ce jak ju\u017c si\u0119 doczeka do miejsca, gdzie mo\u017cna zamawia\u0107 &#8220;konkret&#8221; &#8211; od razu mo\u017cna dosta\u0107 &#8220;ma\u0142e co nie co&#8221;&#8230; W naszym przypadku by\u0142y to \u015bledzie (w \u015bmietanie i po kaszubsku), tatar z \u0142ososia i dla Poli plastry w\u0119dzonego \u0142ososia. Umili\u0142o to nam czekanie na g\u0142\u00f3wne dania: Pola wybra\u0142a sobie placki ziemniaczane, Kasia &#8211; sandacza pieczonego bez t\u0142uszczu, a ja DU\u017b\u0104 fl\u0105dr\u0119. Okaza\u0142o si\u0119, \u017ce wcale czekania nie by\u0142o a\u017c taki wiele&#8230; Wjecha\u0142y nasze dania &#8211; Polki placki by\u0142y bardzo dobre, moja du\u017ca fl\u0105dra okaza\u0142a si\u0119 2 ma\u0142ymi \ud83d\ude42 natomiast Kasia zaliczy\u0142a najwi\u0119ksz\u0105 wtop\u0119. Biedny, zmasakrowany i wysuszony sandacz nie nadawa\u0142 si\u0119 do niczego &#8211; by\u0142 absolutnie bez t\u0142uszczu&#8230; jakiegokolwiek&#8230; zosta\u0142 z niego bezsmakowy wi\u00f3r. Nie trudno chyba zgadn\u0105\u0107, gdzie wyl\u0105dowa\u0142a druga fl\u0105dra \ud83d\ude42 Ta za to by\u0142a pyszna&#8230; dok\u0142adnie taka jakiej bym si\u0119 spodziewa\u0142. Mi\u0119sa mo\u017ce du\u017co nie ma&#8230; ale to co jest smakuje dla mnie wybornie i do tego ta chrupi\u0105ca sk\u00f3rka.<\/p>\n<p style=\"text-align: justify;\">Z tego mo\u017cna wynie\u015b\u0107 nauk\u0119 by zbyt nie eksperymentowa\u0107 w sma\u017calniach&#8230; sama nazwa m\u00f3wi, \u017ce specjalizuj\u0105 si\u0119 w sma\u017ceniu \ud83d\ude42 Placki i fl\u0105dra by\u0142y bez zarzutu&#8230; pr\u00f3ba pokuszenia si\u0119 o zaoferowanie czego\u015b bardziej wyrafinowanego okaza\u0142o si\u0119 klap\u0105.<\/p>\n<p style=\"text-align: justify;\">Kolejn\u0105 na szlaku by\u0142a <strong>Zatoka Sztuki<\/strong>&#8230; wprawdzie ju\u017c nic tam konkretnego nie jedli\u015bmy, ale plan by\u0142 prosty &#8211; kawa, ciacho i co\u015b mocniejszego&#8230; Akurat to miejsce przypad\u0142o wszystkim do gustu &#8211; pomimo tego, \u017ce jest z rz\u0119du &#8211; lans balans&#8230;<\/p>\n<p style=\"text-align: justify;\">Po\u0142o\u017cone przy samej pla\u017cy, dos\u0142ownie trzy kroki od Hotelu Grand i molo, przyci\u0105ga chyba najbardziej wystylizowanych hipster\u00f3w Tr\u00f3jmiasta. Nasza tr\u00f3jka w strojach &#8220;prosto z pla\u017cy&#8221; lekko odstawa\u0142a, tym bardziej, \u017ce by\u0142o ju\u017c po 20 i towarzystwo zaczyna\u0142o pokazywa\u0107 si\u0119 w strojach na &#8220;nocny podb\u00f3j miasta&#8221;. Pola odnalaz\u0142a si\u0119 wspaniale i od razu zacz\u0119\u0142a si\u0119 ko\u0142ysa\u0107\u00a0w rytm chilloutowej muzyczki, kt\u00f3ra delikatnie s\u0105czy\u0142a si\u0119 z g\u0142o\u015bnik\u00f3w.<\/p>\n<p style=\"text-align: justify;\">Karta wygl\u0105da\u0142a\u00a0bardzo zach\u0119caj\u0105co <a href=\"http:\/\/zatokasztuki.pl\/restauracja\/menu\/\" target=\"_blank\">MENU<\/a> &#8230; aczkolwiek ma\u0142o nadba\u0142ytcko, wi\u0119c w sumie by\u0142em zadowolony z tego, \u017ce zaliczyli\u015bmy g\u0142owne dania ju\u017c wcze\u015bniej. Nie oparli\u015bmy si\u0119 jednak domowemu ciastu i Creme Brulee. Kasia sprawdzi\u0142a jeszcze Mojito, a ja Hendrick&#8217;sa z og\u00f3rkiem. Pr\u00f3bowali\u015bcie kiedy\u015b? Nie&#8230; to zdecydowanie polecam. Gin lubi\u0119 od dawna, ale kilka lat temu Hendrick&#8217;s z og\u00f3rkiem to by\u0142o odkrycie. Podsumowuj\u0105c &#8211; wiele nie zjedli\u015bmy, ale to co spr\u00f3bowali\u015bmy i zobaczyli\u015bmy zdecydowanie zach\u0119ca\u0142o,\u00a0by zjawi\u0107 si\u0119 tam po raz kolejny.<\/p>\n<p style=\"text-align: justify;\">Niestety nie mieli\u015bmy na to szans, gdy\u017c na niedzielny obiad mieli\u015bmy ju\u017c zrobion\u0105 wcze\u015bniej rezerwacj\u0119 w restauracji <strong>Malika<\/strong> w Gdyni. Prowadzona przez uczestniczk\u0119 pierwszej edycji TOP CHEF pani\u0105 Ew\u0119 Malik\u0119 Szyc Juchnowicz zach\u0119ca tym, i\u017c umiej\u0119tnie \u0142\u0105czy kuchni\u0119 maroka\u0144sk\u0105 z polskimi produktami a jednocze\u015bnie zgarnia mn\u00f3stwo pozytywnych recenzji. Trudno by\u0142o wi\u0119c nie spr\u00f3bowa\u0107 jak ju\u017c tam byli\u015bmy&#8230; tym bardziej, \u017ce uwielbiam kuchni\u0119 maroka\u0144sk\u0105.<\/p>\n<p style=\"text-align: justify;\">Byli\u015bmy do\u015b\u0107 napaleni (ok, ja by\u0142em napalony :-)) ostro ruszyli\u015bmy do zamawiania&#8230; By\u0142a z nami siostra Kasi, wi\u0119c mogli\u015bmy sobie pozwoli\u0107 by zam\u00f3wi\u0107 troch\u0119 wi\u0119cej do spr\u00f3bowania, a menu tylko do tego absolutnie zach\u0119ca\u0142o.\u00a0<a href=\"http:\/\/www.restauracjamalika.pl\/menu.html\" target=\"_blank\">MENU<\/a><\/p>\n<p style=\"text-align: justify;\">Na pocz\u0105tek by\u0142: hummus, zalook czyli pasta z pieczonego bak\u0142a\u017cana, do tego faul (b\u00f3b z kuminem i czosnkiem w jogurcie) i jeszcze tabouleh. \u00a0Mniammm&#8230; do tego oczywi\u015bcie cieplutkie pity. Tu, co ciekawe, ka\u017cdy znalaz\u0142 swojego faworyta i ka\u017cdemu co\u015b nie za bardzo podesz\u0142o. Og\u00f3lnie by\u0142o oryginalnie i smacznie. Mo\u017ce jedyny minus, \u017ce porcje by\u0142y do\u015b\u0107 spore jak na startery, wi\u0119c chc\u0105c jeszcze spr\u00f3bowa\u0107 da\u0144 g\u0142\u00f3wnych sporo zostawili\u015bmy. To co pami\u0119tam z Maroko to w\u0142a\u015bnie start uczty z du\u017c\u0105\u00a0ilo\u015bci\u0105 r\u00f3\u017cnych ma\u0142ych przystaweczek, \u00a0wi\u0119c by\u0142a szansa\u00a0popr\u00f3bowa\u0107 wszystkiego&#8230;<\/p>\n<p style=\"text-align: justify;\">P\u00f3\u017aniej nadszed\u0142 czas na g\u0142\u00f3wne dania: Kasia wybra\u0142a z menu z tajinami Chakchouka czyli zapiekane jajka. Jak si\u0119 okaza\u0142o p\u00f3\u017aniej okaza\u0142o&#8230; wcale nie by\u0142o to podane w typowej dla tajina formie a raczej przypominalo zwyk\u0142\u0105 zapiekank\u0119. Warto by\u0142o zaznaczy\u0107 w karcie, \u017ce jednak mo\u017cna spodziewa\u0107 si\u0119 czego\u015b innego, gdy\u017c oczekiwania mieli\u015bmy inne i tym samym by\u0142o troch\u0119 rozczarowania, jak danie wjecha\u0142o to na st\u00f3\u0142.<\/p>\n<p style=\"text-align: justify;\">Ja spr\u00f3bowa\u0142em Kofta Meshweya&#8230; czyli szasz\u0142yk\u00f3w z baraniny doprawionej mi\u0119t\u0105. Mam pewn\u0105 s\u0142abo\u015b\u0107 do tego dania. Ju\u017c blisko 10 lat temu, w Meknes, w jakim\u015b ma\u0142o wyg\u0142\u0119dnym barze &#8211; dozna\u0142em kulinarnego objawienia zamawiaj\u0105c w\u0142a\u015bnie baranie kebaby z mi\u0119t\u0105. To by\u0142o niebo w g\u0119bie. Nie wiem czy to by\u0142 efekt tego, \u017ce w\u0142a\u015bnie rozpoczyna\u0142 si\u0119 drugi dzie\u0144 podr\u00f3\u017cy po Maroko i by\u0142a to pierwsza rzecz, jaka mi \u00a0naprawd\u0119 zasmakowa\u0142a. Dzie\u0144 wcze\u015bniej mia\u0142em niezbyt udan\u0105 pierwsz\u0105 pr\u00f3b\u0119 z maroka\u0144sk\u0105 zup\u0105 harrira\u00a0a rano ze\u00a0\u015bniadaniem w stylu francuskim. By\u0107 mo\u017ce urzek\u0142o mnie to, \u017ce mi\u0119so by\u0142o aromatyczne i soczyste, wrzucone do wypchanej warzywami pity i do tego p\u0142awi\u0105ce si\u0119 w aromatycznych sosach. By\u0107 mo\u017ce by\u0142o te\u017c to, \u017ce po raz pierwszy zobaczy\u0142em, \u017ce \u015bwie\u017ca mi\u0119ta mo\u017ce by\u0107 czym\u015b wi\u0119cej ni\u017c tylko sk\u0142adnikiem na herbat\u0119 czy mojito&#8230; Nie wiem, dok\u0142adnie dlaczego&#8230; tak czy owak &#8211; jak widz\u0119 szasz\u0142yki i mi\u0119te&#8230; zawsze pr\u00f3buj\u0119.<\/p>\n<p style=\"text-align: justify;\">Do\u015bwiadczenie z Malik\u0105 nale\u017cy uzna\u0107 za bardzo pozytywne, aczkolwiek nie mog\u0119 tego okre\u015bli\u0107 niesamowitym objawieniem. Po prostu kuchnia na poziomie do tego&#8230; z bardzo dobrym doborem win do ka\u017cdego z da\u0144.<\/p>\n<p style=\"text-align: justify;\"><strong>PODSUMOWUJ\u0104C:<\/strong><\/p>\n<p style=\"text-align: justify;\">Najlepsze, co mi si\u0119 mog\u0142o przytrafi\u0107 &#8211; to po prostu ba\u0142tycka fl\u0105dra &#8211; pyszna, cho\u0107 pieczona na patelni&#8230; ale w\u0142a\u015bnie tak\u0105 jak tylko nad polskim morzem mo\u017cna zje\u015b\u0107. Nie tylko to smak z wakacji\u00a0dzieci\u0144stwa, ale te\u017c\u00a0kwintesencja sensu kulinarnych podr\u00f3\u017cy, czyli cieszenie si\u0119 tym, co dany region ma najlepszego do zaoferowania.<\/p>\n<p style=\"text-align: justify;\"><strong>GDZIE BYLI\u015aMY?<\/strong><\/p>\n<p style=\"text-align: justify;\"><a href=\"http:\/\/www.barprzystan.pl\" target=\"_blank\">Bar Przysta\u0144<\/a>\u00a0(Sopot)<\/p>\n<p style=\"text-align: justify;\"><a href=\"http:\/\/zatokasztuki.pl\">Zatoka Sztuki <\/a>(Sopot)<\/p>\n<p style=\"text-align: justify;\"><a href=\"http:\/\/www.restauracjamalika.pl\">Malika<\/a> (Gdynia)<\/p>\n<p><\/p>","protected":false},"excerpt":{"rendered":"<p>W przedostatni weekend wakacji wybrali\u015bmy si\u0119 Pendolino do Gdyni. Pola ju\u017c od kilku dni wcze\u015bniej&hellip;<\/p>\n","protected":false},"author":2,"featured_media":744,"comment_status":"open","ping_status":"open","sticky":false,"template":"","format":"standard","meta":[],"categories":[39,2,4,38],"tags":[22,23,24,28],"yoast_head":"<!-- This site is optimized with the Yoast SEO plugin v19.0 - https:\/\/yoast.com\/wordpress\/plugins\/seo\/ -->\n<title>Fl\u0105dra czy Maroko czyli o wizycie w Tr\u00f3jmie\u015bcie<\/title>\n<meta name=\"robots\" content=\"index, follow, max-snippet:-1, max-image-preview:large, max-video-preview:-1\" \/>\n<link rel=\"canonical\" href=\"https:\/\/tastepoland.pl\/2015\/09\/27\/trojmiasto\/\" \/>\n<meta property=\"og:locale\" content=\"en_US\" \/>\n<meta property=\"og:type\" content=\"article\" \/>\n<meta property=\"og:title\" content=\"Fl\u0105dra czy Maroko czyli o wizycie w Tr\u00f3jmie\u015bcie\" \/>\n<meta property=\"og:description\" content=\"W przedostatni weekend wakacji wybrali\u015bmy si\u0119 Pendolino do Gdyni. Pola ju\u017c od kilku dni wcze\u015bniej&hellip;\" \/>\n<meta property=\"og:url\" content=\"https:\/\/tastepoland.pl\/2015\/09\/27\/trojmiasto\/\" \/>\n<meta property=\"og:site_name\" content=\"TASTE POLAND by Wojtek Osi\u0144ski\" \/>\n<meta property=\"article:publisher\" content=\"https:\/\/www.facebook.com\/tastepoland\/\" \/>\n<meta property=\"article:published_time\" content=\"2015-09-27T21:22:01+00:00\" \/>\n<meta property=\"article:modified_time\" content=\"2016-04-29T20:44:48+00:00\" \/>\n<meta property=\"og:image\" content=\"https:\/\/tastepoland.pl\/wp-content\/uploads\/2015\/09\/morze-22.jpg\" \/>\n\t<meta property=\"og:image:width\" content=\"1800\" \/>\n\t<meta property=\"og:image:height\" content=\"1200\" \/>\n\t<meta property=\"og:image:type\" content=\"image\/jpeg\" \/>\n<meta name=\"twitter:card\" content=\"summary\" \/>\n<meta name=\"twitter:creator\" content=\"@tastepoland\" \/>\n<meta name=\"twitter:site\" content=\"@tastepoland\" \/>\n<meta name=\"twitter:label1\" content=\"Written by\" \/>\n\t<meta name=\"twitter:data1\" content=\"TastePoland - Voytek\" \/>\n\t<meta name=\"twitter:label2\" content=\"Est. reading time\" \/>\n\t<meta name=\"twitter:data2\" content=\"13 minutes\" \/>\n<script type=\"application\/ld+json\" class=\"yoast-schema-graph\">{\"@context\":\"https:\/\/schema.org\",\"@graph\":[{\"@type\":\"WebSite\",\"@id\":\"https:\/\/tastepoland.pl\/#website\",\"url\":\"https:\/\/tastepoland.pl\/\",\"name\":\"TASTE POLAND by Wojtek Osi\u0144ski\",\"description\":\"Travel inspiration, reviews and own thoughts thats all what culinary tourist needs\",\"potentialAction\":[{\"@type\":\"SearchAction\",\"target\":{\"@type\":\"EntryPoint\",\"urlTemplate\":\"https:\/\/tastepoland.pl\/?s={search_term_string}\"},\"query-input\":\"required name=search_term_string\"}],\"inLanguage\":\"en-US\"},{\"@type\":\"ImageObject\",\"inLanguage\":\"en-US\",\"@id\":\"https:\/\/tastepoland.pl\/2015\/09\/27\/trojmiasto\/#primaryimage\",\"url\":\"https:\/\/tastepoland.pl\/wp-content\/uploads\/2015\/09\/morze-22.jpg\",\"contentUrl\":\"https:\/\/tastepoland.pl\/wp-content\/uploads\/2015\/09\/morze-22.jpg\",\"width\":1800,\"height\":1200,\"caption\":\"taste poland, tr\u00f3jmiasto\"},{\"@type\":\"WebPage\",\"@id\":\"https:\/\/tastepoland.pl\/2015\/09\/27\/trojmiasto\/#webpage\",\"url\":\"https:\/\/tastepoland.pl\/2015\/09\/27\/trojmiasto\/\",\"name\":\"Fl\u0105dra czy Maroko czyli o wizycie w Tr\u00f3jmie\u015bcie\",\"isPartOf\":{\"@id\":\"https:\/\/tastepoland.pl\/#website\"},\"primaryImageOfPage\":{\"@id\":\"https:\/\/tastepoland.pl\/2015\/09\/27\/trojmiasto\/#primaryimage\"},\"datePublished\":\"2015-09-27T21:22:01+00:00\",\"dateModified\":\"2016-04-29T20:44:48+00:00\",\"author\":{\"@id\":\"https:\/\/tastepoland.pl\/#\/schema\/person\/b1ffe71eabaacfe1377e649c1eb41abd\"},\"breadcrumb\":{\"@id\":\"https:\/\/tastepoland.pl\/2015\/09\/27\/trojmiasto\/#breadcrumb\"},\"inLanguage\":\"en-US\",\"potentialAction\":[{\"@type\":\"ReadAction\",\"target\":[\"https:\/\/tastepoland.pl\/2015\/09\/27\/trojmiasto\/\"]}]},{\"@type\":\"BreadcrumbList\",\"@id\":\"https:\/\/tastepoland.pl\/2015\/09\/27\/trojmiasto\/#breadcrumb\",\"itemListElement\":[{\"@type\":\"ListItem\",\"position\":1,\"name\":\"Strona g\u0142\u00f3wna\",\"item\":\"https:\/\/tastepoland.pl\/\"},{\"@type\":\"ListItem\",\"position\":2,\"name\":\"Fl\u0105dra czy Maroko czyli o wizycie w Tr\u00f3jmie\u015bcie\"}]},{\"@type\":\"Person\",\"@id\":\"https:\/\/tastepoland.pl\/#\/schema\/person\/b1ffe71eabaacfe1377e649c1eb41abd\",\"name\":\"TastePoland - Voytek\",\"image\":{\"@type\":\"ImageObject\",\"inLanguage\":\"en-US\",\"@id\":\"https:\/\/tastepoland.pl\/#\/schema\/person\/image\/\",\"url\":\"https:\/\/secure.gravatar.com\/avatar\/650ba892607b6bdcda75f61508b4f6f7?s=96&d=mm&r=g\",\"contentUrl\":\"https:\/\/secure.gravatar.com\/avatar\/650ba892607b6bdcda75f61508b4f6f7?s=96&d=mm&r=g\",\"caption\":\"TastePoland - Voytek\"},\"description\":\"Pasjonat podr\u00f3\u017cy, marketingu i rzemie\u015blniczych marek \u017cywno\u015bci. Doradca turystyki kulinarnej. Ex-ambasador World Food Travel Association w Polsce. Serce i rozum bloga Taste Poland. R\u00f3wnie dobrze czuje si\u0119\u00a0w namiocie na \u0142\u0105ce jak i ***** hotelu. Poszukuje smak\u00f3w, da\u0144\u00a0i miejsc, kt\u00f3re okre\u015blaj\u0105 smak Polski.\",\"sameAs\":[\"http:\/\/www.tastepoland.pl\"]}]}<\/script>\n<!-- \/ Yoast SEO plugin. -->","yoast_head_json":{"title":"Fl\u0105dra czy Maroko czyli o wizycie w Tr\u00f3jmie\u015bcie","robots":{"index":"index","follow":"follow","max-snippet":"max-snippet:-1","max-image-preview":"max-image-preview:large","max-video-preview":"max-video-preview:-1"},"canonical":"https:\/\/tastepoland.pl\/2015\/09\/27\/trojmiasto\/","og_locale":"en_US","og_type":"article","og_title":"Fl\u0105dra czy Maroko czyli o wizycie w Tr\u00f3jmie\u015bcie","og_description":"W przedostatni weekend wakacji wybrali\u015bmy si\u0119 Pendolino do Gdyni. Pola ju\u017c od kilku dni wcze\u015bniej&hellip;","og_url":"https:\/\/tastepoland.pl\/2015\/09\/27\/trojmiasto\/","og_site_name":"TASTE POLAND by Wojtek Osi\u0144ski","article_publisher":"https:\/\/www.facebook.com\/tastepoland\/","article_published_time":"2015-09-27T21:22:01+00:00","article_modified_time":"2016-04-29T20:44:48+00:00","og_image":[{"width":1800,"height":1200,"url":"https:\/\/tastepoland.pl\/wp-content\/uploads\/2015\/09\/morze-22.jpg","type":"image\/jpeg"}],"twitter_card":"summary","twitter_creator":"@tastepoland","twitter_site":"@tastepoland","twitter_misc":{"Written by":"TastePoland - Voytek","Est. reading time":"13 minutes"},"schema":{"@context":"https:\/\/schema.org","@graph":[{"@type":"WebSite","@id":"https:\/\/tastepoland.pl\/#website","url":"https:\/\/tastepoland.pl\/","name":"TASTE POLAND by Wojtek Osi\u0144ski","description":"Travel inspiration, reviews and own thoughts thats all what culinary tourist needs","potentialAction":[{"@type":"SearchAction","target":{"@type":"EntryPoint","urlTemplate":"https:\/\/tastepoland.pl\/?s={search_term_string}"},"query-input":"required name=search_term_string"}],"inLanguage":"en-US"},{"@type":"ImageObject","inLanguage":"en-US","@id":"https:\/\/tastepoland.pl\/2015\/09\/27\/trojmiasto\/#primaryimage","url":"https:\/\/tastepoland.pl\/wp-content\/uploads\/2015\/09\/morze-22.jpg","contentUrl":"https:\/\/tastepoland.pl\/wp-content\/uploads\/2015\/09\/morze-22.jpg","width":1800,"height":1200,"caption":"taste poland, tr\u00f3jmiasto"},{"@type":"WebPage","@id":"https:\/\/tastepoland.pl\/2015\/09\/27\/trojmiasto\/#webpage","url":"https:\/\/tastepoland.pl\/2015\/09\/27\/trojmiasto\/","name":"Fl\u0105dra czy Maroko czyli o wizycie w Tr\u00f3jmie\u015bcie","isPartOf":{"@id":"https:\/\/tastepoland.pl\/#website"},"primaryImageOfPage":{"@id":"https:\/\/tastepoland.pl\/2015\/09\/27\/trojmiasto\/#primaryimage"},"datePublished":"2015-09-27T21:22:01+00:00","dateModified":"2016-04-29T20:44:48+00:00","author":{"@id":"https:\/\/tastepoland.pl\/#\/schema\/person\/b1ffe71eabaacfe1377e649c1eb41abd"},"breadcrumb":{"@id":"https:\/\/tastepoland.pl\/2015\/09\/27\/trojmiasto\/#breadcrumb"},"inLanguage":"en-US","potentialAction":[{"@type":"ReadAction","target":["https:\/\/tastepoland.pl\/2015\/09\/27\/trojmiasto\/"]}]},{"@type":"BreadcrumbList","@id":"https:\/\/tastepoland.pl\/2015\/09\/27\/trojmiasto\/#breadcrumb","itemListElement":[{"@type":"ListItem","position":1,"name":"Strona g\u0142\u00f3wna","item":"https:\/\/tastepoland.pl\/"},{"@type":"ListItem","position":2,"name":"Fl\u0105dra czy Maroko czyli o wizycie w Tr\u00f3jmie\u015bcie"}]},{"@type":"Person","@id":"https:\/\/tastepoland.pl\/#\/schema\/person\/b1ffe71eabaacfe1377e649c1eb41abd","name":"TastePoland - Voytek","image":{"@type":"ImageObject","inLanguage":"en-US","@id":"https:\/\/tastepoland.pl\/#\/schema\/person\/image\/","url":"https:\/\/secure.gravatar.com\/avatar\/650ba892607b6bdcda75f61508b4f6f7?s=96&d=mm&r=g","contentUrl":"https:\/\/secure.gravatar.com\/avatar\/650ba892607b6bdcda75f61508b4f6f7?s=96&d=mm&r=g","caption":"TastePoland - Voytek"},"description":"Pasjonat podr\u00f3\u017cy, marketingu i rzemie\u015blniczych marek \u017cywno\u015bci. Doradca turystyki kulinarnej. Ex-ambasador World Food Travel Association w Polsce. Serce i rozum bloga Taste Poland. R\u00f3wnie dobrze czuje si\u0119\u00a0w namiocie na \u0142\u0105ce jak i ***** hotelu. Poszukuje smak\u00f3w, da\u0144\u00a0i miejsc, kt\u00f3re okre\u015blaj\u0105 smak Polski.","sameAs":["http:\/\/www.tastepoland.pl"]}]}},"_links":{"self":[{"href":"https:\/\/tastepoland.pl\/en\/wp-json\/wp\/v2\/posts\/743"}],"collection":[{"href":"https:\/\/tastepoland.pl\/en\/wp-json\/wp\/v2\/posts"}],"about":[{"href":"https:\/\/tastepoland.pl\/en\/wp-json\/wp\/v2\/types\/post"}],"author":[{"embeddable":true,"href":"https:\/\/tastepoland.pl\/en\/wp-json\/wp\/v2\/users\/2"}],"replies":[{"embeddable":true,"href":"https:\/\/tastepoland.pl\/en\/wp-json\/wp\/v2\/comments?post=743"}],"version-history":[{"count":2,"href":"https:\/\/tastepoland.pl\/en\/wp-json\/wp\/v2\/posts\/743\/revisions"}],"predecessor-version":[{"id":2611,"href":"https:\/\/tastepoland.pl\/en\/wp-json\/wp\/v2\/posts\/743\/revisions\/2611"}],"wp:featuredmedia":[{"embeddable":true,"href":"https:\/\/tastepoland.pl\/en\/wp-json\/wp\/v2\/media\/744"}],"wp:attachment":[{"href":"https:\/\/tastepoland.pl\/en\/wp-json\/wp\/v2\/media?parent=743"}],"wp:term":[{"taxonomy":"category","embeddable":true,"href":"https:\/\/tastepoland.pl\/en\/wp-json\/wp\/v2\/categories?post=743"},{"taxonomy":"post_tag","embeddable":true,"href":"https:\/\/tastepoland.pl\/en\/wp-json\/wp\/v2\/tags?post=743"}],"curies":[{"name":"wp","href":"https:\/\/api.w.org\/{rel}","templated":true}]}}