{"id":5195,"date":"2022-05-09T22:15:45","date_gmt":"2022-05-09T20:15:45","guid":{"rendered":"https:\/\/tastepoland.pl\/?p=5195"},"modified":"2022-11-02T11:14:02","modified_gmt":"2022-11-02T10:14:02","slug":"gdzie-dobrze-zjesc-w-lublinie-w-2022-kuchnia-otwarta","status":"publish","type":"post","link":"https:\/\/tastepoland.pl\/en\/2022\/05\/09\/gdzie-dobrze-zjesc-w-lublinie-w-2022-kuchnia-otwarta\/","title":{"rendered":"(Polski) GDZIE DOBRZE ZJE\u015a\u0106 W LUBLINIE w 2022? &#8211; KUCHNIA OTWARTA"},"content":{"rendered":"<p class=\"qtranxs-available-languages-message qtranxs-available-languages-message-en\">Sorry, this entry is only available in <a href=\"https:\/\/tastepoland.pl\/pl\/wp-json\/wp\/v2\/posts\/5195\" class=\"qtranxs-available-language-link qtranxs-available-language-link-pl\" title=\"Polski\">Polish<\/a>.<\/p>","protected":false},"excerpt":{"rendered":"<p>Sorry, this entry is only available in Polish.<\/p>\n","protected":false},"author":2,"featured_media":5202,"comment_status":"open","ping_status":"open","sticky":false,"template":"","format":"standard","meta":[],"categories":[4,1],"tags":[],"yoast_head":"<!-- This site is optimized with the Yoast SEO plugin v19.0 - https:\/\/yoast.com\/wordpress\/plugins\/seo\/ -->\n<title><\/title>\n<meta name=\"description\" content=\"Gdzie dobrze zje\u015b\u0107 w Lublinie? M\u00f3j typ. Kuchnia Otwarta - sezonowe smaki, niebanalne po\u0142\u0105czenia, bajkowe podanie\" \/>\n<meta name=\"robots\" content=\"index, follow, max-snippet:-1, max-image-preview:large, max-video-preview:-1\" \/>\n<link rel=\"canonical\" href=\"https:\/\/tastepoland.pl\/2022\/05\/09\/gdzie-dobrze-zjesc-w-lublinie-w-2022-kuchnia-otwarta\/\" \/>\n<meta property=\"og:locale\" content=\"en_US\" \/>\n<meta property=\"og:type\" content=\"article\" \/>\n<meta property=\"og:title\" content=\"[:pl]GDZIE DOBRZE ZJE\u015a\u0106 W LUBLINIE w 2022? - KUCHNIA OTWARTA[:]\" \/>\n<meta property=\"og:description\" content=\"Gdzie dobrze zje\u015b\u0107 w Lublinie? M\u00f3j typ. Kuchnia Otwarta - sezonowe smaki, niebanalne po\u0142\u0105czenia, bajkowe podanie\" \/>\n<meta property=\"og:url\" content=\"https:\/\/tastepoland.pl\/2022\/05\/09\/gdzie-dobrze-zjesc-w-lublinie-w-2022-kuchnia-otwarta\/\" \/>\n<meta property=\"og:site_name\" content=\"TASTE POLAND by Wojtek Osi\u0144ski\" \/>\n<meta property=\"article:publisher\" content=\"https:\/\/www.facebook.com\/tastepoland\/\" \/>\n<meta property=\"article:published_time\" content=\"2022-05-09T20:15:45+00:00\" \/>\n<meta property=\"article:modified_time\" content=\"2022-11-02T10:14:02+00:00\" \/>\n<meta property=\"og:image\" content=\"https:\/\/tastepoland.pl\/wp-content\/uploads\/2022\/05\/CO-ZJESC-W-LUBLINIE-KUCHNIA-OTWARTA-20.jpg\" \/>\n\t<meta property=\"og:image:width\" content=\"1000\" \/>\n\t<meta property=\"og:image:height\" content=\"750\" \/>\n\t<meta property=\"og:image:type\" content=\"image\/jpeg\" \/>\n<meta name=\"twitter:card\" content=\"summary\" \/>\n<meta name=\"twitter:creator\" content=\"@tastepoland\" \/>\n<meta name=\"twitter:site\" content=\"@tastepoland\" \/>\n<meta name=\"twitter:label1\" content=\"Written by\" \/>\n\t<meta name=\"twitter:data1\" content=\"TastePoland - Voytek\" \/>\n\t<meta name=\"twitter:label2\" content=\"Est. reading time\" \/>\n\t<meta name=\"twitter:data2\" content=\"6 minutes\" \/>\n<script type=\"application\/ld+json\" class=\"yoast-schema-graph\">{\"@context\":\"https:\/\/schema.org\",\"@graph\":[{\"@type\":\"WebSite\",\"@id\":\"https:\/\/tastepoland.pl\/#website\",\"url\":\"https:\/\/tastepoland.pl\/\",\"name\":\"TASTE POLAND by Wojtek Osi\u0144ski\",\"description\":\"Travel inspiration, reviews and own thoughts thats all what culinary tourist needs\",\"potentialAction\":[{\"@type\":\"SearchAction\",\"target\":{\"@type\":\"EntryPoint\",\"urlTemplate\":\"https:\/\/tastepoland.pl\/?s={search_term_string}\"},\"query-input\":\"required name=search_term_string\"}],\"inLanguage\":\"en-US\"},{\"@type\":\"ImageObject\",\"inLanguage\":\"en-US\",\"@id\":\"https:\/\/tastepoland.pl\/2022\/05\/09\/gdzie-dobrze-zjesc-w-lublinie-w-2022-kuchnia-otwarta\/#primaryimage\",\"url\":\"https:\/\/tastepoland.pl\/wp-content\/uploads\/2022\/05\/CO-ZJESC-W-LUBLINIE-KUCHNIA-OTWARTA-20.jpg\",\"contentUrl\":\"https:\/\/tastepoland.pl\/wp-content\/uploads\/2022\/05\/CO-ZJESC-W-LUBLINIE-KUCHNIA-OTWARTA-20.jpg\",\"width\":1000,\"height\":750,\"caption\":\"gdzie zje\u015b\u0107\u00a0dobrze w Lublinie\"},{\"@type\":\"WebPage\",\"@id\":\"https:\/\/tastepoland.pl\/2022\/05\/09\/gdzie-dobrze-zjesc-w-lublinie-w-2022-kuchnia-otwarta\/#webpage\",\"url\":\"https:\/\/tastepoland.pl\/2022\/05\/09\/gdzie-dobrze-zjesc-w-lublinie-w-2022-kuchnia-otwarta\/\",\"name\":\"[:pl]GDZIE DOBRZE ZJE\u015a\u0106 W LUBLINIE w 2022? - KUCHNIA OTWARTA[:]\",\"isPartOf\":{\"@id\":\"https:\/\/tastepoland.pl\/#website\"},\"primaryImageOfPage\":{\"@id\":\"https:\/\/tastepoland.pl\/2022\/05\/09\/gdzie-dobrze-zjesc-w-lublinie-w-2022-kuchnia-otwarta\/#primaryimage\"},\"datePublished\":\"2022-05-09T20:15:45+00:00\",\"dateModified\":\"2022-11-02T10:14:02+00:00\",\"author\":{\"@id\":\"https:\/\/tastepoland.pl\/#\/schema\/person\/b1ffe71eabaacfe1377e649c1eb41abd\"},\"description\":\"Gdzie dobrze zje\u015b\u0107 w Lublinie? M\u00f3j typ. Kuchnia Otwarta - sezonowe smaki, niebanalne po\u0142\u0105czenia, bajkowe podanie\",\"breadcrumb\":{\"@id\":\"https:\/\/tastepoland.pl\/2022\/05\/09\/gdzie-dobrze-zjesc-w-lublinie-w-2022-kuchnia-otwarta\/#breadcrumb\"},\"inLanguage\":\"en-US\",\"potentialAction\":[{\"@type\":\"ReadAction\",\"target\":[\"https:\/\/tastepoland.pl\/2022\/05\/09\/gdzie-dobrze-zjesc-w-lublinie-w-2022-kuchnia-otwarta\/\"]}]},{\"@type\":\"BreadcrumbList\",\"@id\":\"https:\/\/tastepoland.pl\/2022\/05\/09\/gdzie-dobrze-zjesc-w-lublinie-w-2022-kuchnia-otwarta\/#breadcrumb\",\"itemListElement\":[{\"@type\":\"ListItem\",\"position\":1,\"name\":\"Strona g\u0142\u00f3wna\",\"item\":\"https:\/\/tastepoland.pl\/\"},{\"@type\":\"ListItem\",\"position\":2,\"name\":\"GDZIE DOBRZE ZJE\u015a\u0106 W LUBLINIE w 2022? &#8211; KUCHNIA OTWARTA\"}]},{\"@type\":\"Person\",\"@id\":\"https:\/\/tastepoland.pl\/#\/schema\/person\/b1ffe71eabaacfe1377e649c1eb41abd\",\"name\":\"TastePoland - Voytek\",\"image\":{\"@type\":\"ImageObject\",\"inLanguage\":\"en-US\",\"@id\":\"https:\/\/tastepoland.pl\/#\/schema\/person\/image\/\",\"url\":\"https:\/\/secure.gravatar.com\/avatar\/650ba892607b6bdcda75f61508b4f6f7?s=96&d=mm&r=g\",\"contentUrl\":\"https:\/\/secure.gravatar.com\/avatar\/650ba892607b6bdcda75f61508b4f6f7?s=96&d=mm&r=g\",\"caption\":\"TastePoland - Voytek\"},\"description\":\"Pasjonat podr\u00f3\u017cy, marketingu i rzemie\u015blniczych marek \u017cywno\u015bci. Doradca turystyki kulinarnej. Ex-ambasador World Food Travel Association w Polsce. Serce i rozum bloga Taste Poland. R\u00f3wnie dobrze czuje si\u0119\u00a0w namiocie na \u0142\u0105ce jak i ***** hotelu. Poszukuje smak\u00f3w, da\u0144\u00a0i miejsc, kt\u00f3re okre\u015blaj\u0105 smak Polski.\",\"sameAs\":[\"http:\/\/www.tastepoland.pl\"]}]}<\/script>\n<!-- \/ Yoast SEO plugin. -->","yoast_head_json":{"title":"[:pl]GDZIE DOBRZE ZJE\u015a\u0106 W LUBLINIE w 2022? - KUCHNIA OTWARTA[:]","description":"Gdzie dobrze zje\u015b\u0107 w Lublinie? M\u00f3j typ. Kuchnia Otwarta - sezonowe smaki, niebanalne po\u0142\u0105czenia, bajkowe podanie","robots":{"index":"index","follow":"follow","max-snippet":"max-snippet:-1","max-image-preview":"max-image-preview:large","max-video-preview":"max-video-preview:-1"},"canonical":"https:\/\/tastepoland.pl\/2022\/05\/09\/gdzie-dobrze-zjesc-w-lublinie-w-2022-kuchnia-otwarta\/","og_locale":"en_US","og_type":"article","og_title":"[:pl]GDZIE DOBRZE ZJE\u015a\u0106 W LUBLINIE w 2022? - KUCHNIA OTWARTA[:]","og_description":"Gdzie dobrze zje\u015b\u0107 w Lublinie? M\u00f3j typ. Kuchnia Otwarta - sezonowe smaki, niebanalne po\u0142\u0105czenia, bajkowe podanie","og_url":"https:\/\/tastepoland.pl\/2022\/05\/09\/gdzie-dobrze-zjesc-w-lublinie-w-2022-kuchnia-otwarta\/","og_site_name":"TASTE POLAND by Wojtek Osi\u0144ski","article_publisher":"https:\/\/www.facebook.com\/tastepoland\/","article_published_time":"2022-05-09T20:15:45+00:00","article_modified_time":"2022-11-02T10:14:02+00:00","og_image":[{"width":1000,"height":750,"url":"https:\/\/tastepoland.pl\/wp-content\/uploads\/2022\/05\/CO-ZJESC-W-LUBLINIE-KUCHNIA-OTWARTA-20.jpg","type":"image\/jpeg"}],"twitter_card":"summary","twitter_creator":"@tastepoland","twitter_site":"@tastepoland","twitter_misc":{"Written by":"TastePoland - Voytek","Est. reading time":"6 minutes"},"schema":{"@context":"https:\/\/schema.org","@graph":[{"@type":"WebSite","@id":"https:\/\/tastepoland.pl\/#website","url":"https:\/\/tastepoland.pl\/","name":"TASTE POLAND by Wojtek Osi\u0144ski","description":"Travel inspiration, reviews and own thoughts thats all what culinary tourist needs","potentialAction":[{"@type":"SearchAction","target":{"@type":"EntryPoint","urlTemplate":"https:\/\/tastepoland.pl\/?s={search_term_string}"},"query-input":"required name=search_term_string"}],"inLanguage":"en-US"},{"@type":"ImageObject","inLanguage":"en-US","@id":"https:\/\/tastepoland.pl\/2022\/05\/09\/gdzie-dobrze-zjesc-w-lublinie-w-2022-kuchnia-otwarta\/#primaryimage","url":"https:\/\/tastepoland.pl\/wp-content\/uploads\/2022\/05\/CO-ZJESC-W-LUBLINIE-KUCHNIA-OTWARTA-20.jpg","contentUrl":"https:\/\/tastepoland.pl\/wp-content\/uploads\/2022\/05\/CO-ZJESC-W-LUBLINIE-KUCHNIA-OTWARTA-20.jpg","width":1000,"height":750,"caption":"gdzie zje\u015b\u0107\u00a0dobrze w Lublinie"},{"@type":"WebPage","@id":"https:\/\/tastepoland.pl\/2022\/05\/09\/gdzie-dobrze-zjesc-w-lublinie-w-2022-kuchnia-otwarta\/#webpage","url":"https:\/\/tastepoland.pl\/2022\/05\/09\/gdzie-dobrze-zjesc-w-lublinie-w-2022-kuchnia-otwarta\/","name":"[:pl]GDZIE DOBRZE ZJE\u015a\u0106 W LUBLINIE w 2022? - KUCHNIA OTWARTA[:]","isPartOf":{"@id":"https:\/\/tastepoland.pl\/#website"},"primaryImageOfPage":{"@id":"https:\/\/tastepoland.pl\/2022\/05\/09\/gdzie-dobrze-zjesc-w-lublinie-w-2022-kuchnia-otwarta\/#primaryimage"},"datePublished":"2022-05-09T20:15:45+00:00","dateModified":"2022-11-02T10:14:02+00:00","author":{"@id":"https:\/\/tastepoland.pl\/#\/schema\/person\/b1ffe71eabaacfe1377e649c1eb41abd"},"description":"Gdzie dobrze zje\u015b\u0107 w Lublinie? M\u00f3j typ. Kuchnia Otwarta - sezonowe smaki, niebanalne po\u0142\u0105czenia, bajkowe podanie","breadcrumb":{"@id":"https:\/\/tastepoland.pl\/2022\/05\/09\/gdzie-dobrze-zjesc-w-lublinie-w-2022-kuchnia-otwarta\/#breadcrumb"},"inLanguage":"en-US","potentialAction":[{"@type":"ReadAction","target":["https:\/\/tastepoland.pl\/2022\/05\/09\/gdzie-dobrze-zjesc-w-lublinie-w-2022-kuchnia-otwarta\/"]}]},{"@type":"BreadcrumbList","@id":"https:\/\/tastepoland.pl\/2022\/05\/09\/gdzie-dobrze-zjesc-w-lublinie-w-2022-kuchnia-otwarta\/#breadcrumb","itemListElement":[{"@type":"ListItem","position":1,"name":"Strona g\u0142\u00f3wna","item":"https:\/\/tastepoland.pl\/"},{"@type":"ListItem","position":2,"name":"GDZIE DOBRZE ZJE\u015a\u0106 W LUBLINIE w 2022? &#8211; KUCHNIA OTWARTA"}]},{"@type":"Person","@id":"https:\/\/tastepoland.pl\/#\/schema\/person\/b1ffe71eabaacfe1377e649c1eb41abd","name":"TastePoland - Voytek","image":{"@type":"ImageObject","inLanguage":"en-US","@id":"https:\/\/tastepoland.pl\/#\/schema\/person\/image\/","url":"https:\/\/secure.gravatar.com\/avatar\/650ba892607b6bdcda75f61508b4f6f7?s=96&d=mm&r=g","contentUrl":"https:\/\/secure.gravatar.com\/avatar\/650ba892607b6bdcda75f61508b4f6f7?s=96&d=mm&r=g","caption":"TastePoland - Voytek"},"description":"Pasjonat podr\u00f3\u017cy, marketingu i rzemie\u015blniczych marek \u017cywno\u015bci. Doradca turystyki kulinarnej. Ex-ambasador World Food Travel Association w Polsce. Serce i rozum bloga Taste Poland. R\u00f3wnie dobrze czuje si\u0119\u00a0w namiocie na \u0142\u0105ce jak i ***** hotelu. Poszukuje smak\u00f3w, da\u0144\u00a0i miejsc, kt\u00f3re okre\u015blaj\u0105 smak Polski.","sameAs":["http:\/\/www.tastepoland.pl"]}]}},"_links":{"self":[{"href":"https:\/\/tastepoland.pl\/en\/wp-json\/wp\/v2\/posts\/5195"}],"collection":[{"href":"https:\/\/tastepoland.pl\/en\/wp-json\/wp\/v2\/posts"}],"about":[{"href":"https:\/\/tastepoland.pl\/en\/wp-json\/wp\/v2\/types\/post"}],"author":[{"embeddable":true,"href":"https:\/\/tastepoland.pl\/en\/wp-json\/wp\/v2\/users\/2"}],"replies":[{"embeddable":true,"href":"https:\/\/tastepoland.pl\/en\/wp-json\/wp\/v2\/comments?post=5195"}],"version-history":[{"count":22,"href":"https:\/\/tastepoland.pl\/en\/wp-json\/wp\/v2\/posts\/5195\/revisions"}],"predecessor-version":[{"id":5259,"href":"https:\/\/tastepoland.pl\/en\/wp-json\/wp\/v2\/posts\/5195\/revisions\/5259"}],"wp:featuredmedia":[{"embeddable":true,"href":"https:\/\/tastepoland.pl\/en\/wp-json\/wp\/v2\/media\/5202"}],"wp:attachment":[{"href":"https:\/\/tastepoland.pl\/en\/wp-json\/wp\/v2\/media?parent=5195"}],"wp:term":[{"taxonomy":"category","embeddable":true,"href":"https:\/\/tastepoland.pl\/en\/wp-json\/wp\/v2\/categories?post=5195"},{"taxonomy":"post_tag","embeddable":true,"href":"https:\/\/tastepoland.pl\/en\/wp-json\/wp\/v2\/tags?post=5195"}],"curies":[{"name":"wp","href":"https:\/\/api.w.org\/{rel}","templated":true}]}}