{"id":4946,"date":"2021-07-08T08:24:57","date_gmt":"2021-07-08T06:24:57","guid":{"rendered":"https:\/\/tastepoland.pl\/?p=4946"},"modified":"2022-06-18T16:53:54","modified_gmt":"2022-06-18T14:53:54","slug":"10-inspiracji-na-polskie-wakacje-ze-smakiem-czesc-2","status":"publish","type":"post","link":"https:\/\/tastepoland.pl\/en\/2021\/07\/08\/10-inspiracji-na-polskie-wakacje-ze-smakiem-czesc-2\/","title":{"rendered":"Lato, lato, lato czeka &#8211; 10 INSPIRACJI NA POLSKIE WAKACJE ZE SMAKIEM \u2013 cz\u0119\u015b\u0107 2"},"content":{"rendered":"<p>Druga, cz\u0119\u015b\u0107&nbsp;naszego subiektywnego rankingu &#8211; gdzie pojecha\u0107, co zje\u015b\u0107 i pi\u0107 w te wakacje.<\/p>\r\n\r\n\r\n\r\n<h2>6. <strong>DLA POSZUKIWACZY PRZYG\u00d3D I TAJEMNIC &#8211; ZAMKI i PA\u0141ACE DOLNEGO \u015aL\u0104SKA<\/strong><\/h2>\r\n\r\n\r\n\r\n<p>Nie wiem, dlaczego Dolny \u015al\u0105sk nigdy nie doczeka\u0142 si\u0119&nbsp;porz\u0105dnego wpisu na Taste Poland \ud83d\ude09 Jaki\u015b czas temu zakochali\u015bmy si\u0119 w tym kawa\u0142ku Polski. Szczeg\u00f3lnie, jak Warszaw\u0119 z Wroc\u0142awiem po\u0142\u0105czy\u0142a droga S8&nbsp; i pomimo du\u017cej ilo\u015bci kilometr\u00f3w podr\u00f3\u017c przebiega do\u015b\u0107&nbsp;sprawnie. <\/p>\r\n\r\n\r\n\r\n<p>Do ko\u0144ca drugiej wojny \u015bwiatowej spora cz\u0119\u015b\u0107 tego obszaru to by\u0142y tereny III Rzeszy. W\u0142a\u015bnie tam nieustaj\u0105co trwaj\u0105 poszukiwania Z\u0142otego Poci\u0105gu, czy innych ukrytych przez nazistowc\u00f3w zrabowanych skarb\u00f3w. Dolny \u015al\u0105sk s\u0142ynie z niezliczonej ilo\u015b\u0107 pa\u0142ac\u00f3w (cz\u0119sto niestety w op\u0142akanym stanie), ale kusi te\u017c widokami, przyrod\u0105 i przygod\u0105. Ka\u017cdy znajdzie wi\u0119c co\u015b dla siebie. Niezale\u017cnie czy chcesz si\u0119 poczu\u0107 jak Indiana Jones, poszukiwacz z\u0142ota, turysta zaliczaj\u0105cy kolejne szczyty, czy fotograf.<\/p>\r\n\r\n\r\n\r\n<p>Kulinarnie &#8211;  nie ma sza\u0142u, jak na wi\u0119kszo\u015bci teren\u00f3w, kt\u00f3re zosta\u0142y pozbawione swoich rdzennych mieszka\u0144c\u00f3w. Teraz  to \u201emelting pot\u201d &#8211; taki na polsk\u0105 skal\u0119 &#8211; gdzie mieszaj\u0105 si\u0119 kuchnie wszystkich, kt\u00f3rym przychodzi si\u0119&nbsp;tam spotyka\u0107 &#8211; zar\u00f3wno kiedy\u015b jak i dzi\u015b.<\/p>\r\n\r\n\r\n\r\n<p>Bajkowe<strong> Uroczysko VII Staw\u00f3w<\/strong> to XVI wieczny zamek kilka lat temu podniesiony z ruiny. Dzi\u015b zachwyca po\u0142o\u017ceniem, ciekawymi wn\u0119trzami, doskona\u0142\u0105 kuchni\u0105 oraz stref\u0105 spa, kt\u00f3ra pozwala na prawdziwy relaks. To by\u0142 m\u00f3j prezent niespodzianka na 4x urodziny :-). Uroczysko zachwyci\u0142o nas i\u015bcie kr\u00f3lewskimi \u015bniadaniami, spa w kt\u00f3rym mo\u017cna by\u0142o na prawd\u0119 odp\u0142yn\u0105\u0107 oraz genialn\u0105 obs\u0142ug\u0105! To by\u0142 czas Poli jedz\u0105cej du\u017ce nic&#8230; na szcz\u0119\u015bcie kuchnia wspomog\u0142a serwuj\u0105c ziemniaki + marchewk\u0119 do tego poza godzinami otwarcia! Tylko albo a\u017c tylko \ud83d\ude42  <\/p>\r\n\r\n\r\n\r\n<p><\/p>\r\n\r\n\r\n\r\n<div class=\"wp-block-jetpack-tiled-gallery aligncenter is-style-rectangular\"><div class=\"tiled-gallery__gallery\"><div class=\"tiled-gallery__row\"><div class=\"tiled-gallery__col\" style=\"flex-basis:52.75232%\"><figure class=\"tiled-gallery__item\"><img decoding=\"async\" alt=\"\" data-height=\"1000\" data-id=\"4989\" data-link=\"https:\/\/tastepoland.pl\/2021\/07\/08\/10-inspiracji-na-polskie-wakacje-ze-smakiem-czesc-2\/5-stawow_-2-1\/\" data-url=\"https:\/\/tastepoland.pl\/wp-content\/uploads\/2021\/07\/5-stawow_-2-1-1024x683.jpg\" data-width=\"1500\" src=\"https:\/\/i2.wp.com\/tastepoland.pl\/wp-content\/uploads\/2021\/07\/5-stawow_-2-1-1024x683.jpg?ssl=1\" data-amp-layout=\"responsive\"\/><\/figure><figure class=\"tiled-gallery__item\"><img decoding=\"async\" alt=\"\" data-height=\"1000\" data-id=\"4991\" data-link=\"https:\/\/tastepoland.pl\/2021\/07\/08\/10-inspiracji-na-polskie-wakacje-ze-smakiem-czesc-2\/5-stawow_-4-1\/\" data-url=\"https:\/\/tastepoland.pl\/wp-content\/uploads\/2021\/07\/5-stawow_-4-1-1024x683.jpg\" data-width=\"1500\" src=\"https:\/\/i0.wp.com\/tastepoland.pl\/wp-content\/uploads\/2021\/07\/5-stawow_-4-1-1024x683.jpg?ssl=1\" data-amp-layout=\"responsive\"\/><\/figure><\/div><div class=\"tiled-gallery__col\" style=\"flex-basis:47.24768%\"><figure class=\"tiled-gallery__item\"><img decoding=\"async\" alt=\"\" data-height=\"1500\" data-id=\"4996\" data-link=\"https:\/\/tastepoland.pl\/2021\/07\/08\/10-inspiracji-na-polskie-wakacje-ze-smakiem-czesc-2\/5-stawow_-9-1\/\" data-url=\"https:\/\/tastepoland.pl\/wp-content\/uploads\/2021\/07\/5-stawow_-9-1-683x1024.jpg\" data-width=\"1000\" src=\"https:\/\/i0.wp.com\/tastepoland.pl\/wp-content\/uploads\/2021\/07\/5-stawow_-9-1-683x1024.jpg?ssl=1\" data-amp-layout=\"responsive\"\/><\/figure><\/div><\/div><div class=\"tiled-gallery__row\"><div class=\"tiled-gallery__col\" style=\"flex-basis:100.00000%\"><figure class=\"tiled-gallery__item\"><img decoding=\"async\" alt=\"\" data-height=\"715\" data-id=\"4977\" data-link=\"https:\/\/tastepoland.pl\/2021\/07\/08\/10-inspiracji-na-polskie-wakacje-ze-smakiem-czesc-2\/7-stawow-1\/\" data-url=\"https:\/\/tastepoland.pl\/wp-content\/uploads\/2021\/07\/7-stawow-1-1024x286.jpeg\" data-width=\"2560\" src=\"https:\/\/i2.wp.com\/tastepoland.pl\/wp-content\/uploads\/2021\/07\/7-stawow-1-1024x286.jpeg?ssl=1\" data-amp-layout=\"responsive\"\/><\/figure><\/div><\/div><div class=\"tiled-gallery__row\"><div class=\"tiled-gallery__col\" style=\"flex-basis:30.81955%\"><figure class=\"tiled-gallery__item\"><img decoding=\"async\" alt=\"\" data-height=\"1500\" data-id=\"4965\" data-link=\"https:\/\/tastepoland.pl\/2021\/07\/08\/10-inspiracji-na-polskie-wakacje-ze-smakiem-czesc-2\/5-stawow_-6\/\" data-url=\"https:\/\/tastepoland.pl\/wp-content\/uploads\/2021\/07\/5-stawow_-6-683x1024.jpg\" data-width=\"1000\" src=\"https:\/\/i0.wp.com\/tastepoland.pl\/wp-content\/uploads\/2021\/07\/5-stawow_-6-683x1024.jpg?ssl=1\" data-amp-layout=\"responsive\"\/><\/figure><\/div><div class=\"tiled-gallery__col\" style=\"flex-basis:69.18045%\"><figure class=\"tiled-gallery__item\"><img decoding=\"async\" alt=\"\" data-height=\"1000\" data-id=\"4992\" data-link=\"https:\/\/tastepoland.pl\/2021\/07\/08\/10-inspiracji-na-polskie-wakacje-ze-smakiem-czesc-2\/5-stawow_-5-1\/\" data-url=\"https:\/\/tastepoland.pl\/wp-content\/uploads\/2021\/07\/5-stawow_-5-1-1024x683.jpg\" data-width=\"1500\" src=\"https:\/\/i1.wp.com\/tastepoland.pl\/wp-content\/uploads\/2021\/07\/5-stawow_-5-1-1024x683.jpg?ssl=1\" data-amp-layout=\"responsive\"\/><\/figure><\/div><\/div><\/div><\/div>\r\n\r\n\r\n\r\n<p><strong>Zamek Ksi\u0105\u017c w okolicach Wa\u0142brzycha<\/strong> to dla odmiany miejsce do zwiedzania, gdzie pami\u0105tk\u0105 po dawnych w\u0142a\u015bcicielach jest wspania\u0142y zamek, a po III Rzeszy tajemnicze podziemia b\u0119d\u0105ce fragmentem kompleksu Riese czyli Olbrzym\u2026 Czemu dok\u0142adnie mia\u0142y s\u0142u\u017cy\u0107? Do dzi\u015b&nbsp;nikt do ko\u0144ca nie wie. Czy znajduje si\u0119 gdzie\u015b w  nich tajemniczy z\u0142oty poci\u0105g? Tego te\u017c nie. Ciekawostk\u0105 jest wystawa fotografii \u201eKsi\u0105\u017c od kuchni\u201d nadwornego kucharza Hochenberg\u00f3w &#8211; Francuza Louisa Hardouina, kt\u00f3ry nie tylko gotowa\u0142, ale r\u00f3wnie\u017c dokumentowa\u0142 \u017cycie na zamku. Niew\u0105tpliwa gratka dla fan\u00f3w czarnobia\u0142ej fotografii i historii. Ps. jak pisa\u0142em tego posta, a\u017c zam\u00f3wi\u0142em ksi\u0105\u017ck\u0119 z fotografiami z wystawy<\/p>\r\n\r\n\r\n\r\n<div class=\"wp-block-jetpack-tiled-gallery aligncenter is-style-rectangular\"><div class=\"tiled-gallery__gallery\"><div class=\"tiled-gallery__row\"><div class=\"tiled-gallery__col\" style=\"flex-basis:71.50362%\"><figure class=\"tiled-gallery__item\"><img decoding=\"async\" alt=\"\" data-height=\"1000\" data-id=\"4974\" data-link=\"https:\/\/tastepoland.pl\/2021\/07\/08\/10-inspiracji-na-polskie-wakacje-ze-smakiem-czesc-2\/ksiaz_\/\" data-url=\"https:\/\/tastepoland.pl\/wp-content\/uploads\/2021\/07\/ksiaz_-1024x683.jpg\" data-width=\"1500\" src=\"https:\/\/i2.wp.com\/tastepoland.pl\/wp-content\/uploads\/2021\/07\/ksiaz_-1024x683.jpg?ssl=1\" data-amp-layout=\"responsive\"\/><\/figure><\/div><div class=\"tiled-gallery__col\" style=\"flex-basis:28.49638%\"><figure class=\"tiled-gallery__item\"><img decoding=\"async\" alt=\"\" data-height=\"1500\" data-id=\"4955\" data-link=\"https:\/\/tastepoland.pl\/2021\/07\/08\/10-inspiracji-na-polskie-wakacje-ze-smakiem-czesc-2\/ksiaz_-3\/\" data-url=\"https:\/\/tastepoland.pl\/wp-content\/uploads\/2021\/07\/ksiaz_-3-1024x1024.jpg\" data-width=\"1500\" src=\"https:\/\/i1.wp.com\/tastepoland.pl\/wp-content\/uploads\/2021\/07\/ksiaz_-3-1024x1024.jpg?ssl=1\" data-amp-layout=\"responsive\"\/><\/figure><figure class=\"tiled-gallery__item\"><img decoding=\"async\" alt=\"\" data-height=\"1000\" data-id=\"4969\" data-link=\"https:\/\/tastepoland.pl\/2021\/07\/08\/10-inspiracji-na-polskie-wakacje-ze-smakiem-czesc-2\/ksiaz_-9\/\" data-url=\"https:\/\/tastepoland.pl\/wp-content\/uploads\/2021\/07\/ksiaz_-9-1024x683.jpg\" data-width=\"1500\" src=\"https:\/\/i0.wp.com\/tastepoland.pl\/wp-content\/uploads\/2021\/07\/ksiaz_-9-1024x683.jpg?ssl=1\" data-amp-layout=\"responsive\"\/><\/figure><\/div><\/div><div class=\"tiled-gallery__row\"><div class=\"tiled-gallery__col\" style=\"flex-basis:50.00000%\"><figure class=\"tiled-gallery__item\"><img decoding=\"async\" alt=\"\" data-height=\"1000\" data-id=\"4957\" data-link=\"https:\/\/tastepoland.pl\/2021\/07\/08\/10-inspiracji-na-polskie-wakacje-ze-smakiem-czesc-2\/ksiaz_-4\/\" data-url=\"https:\/\/tastepoland.pl\/wp-content\/uploads\/2021\/07\/ksiaz_-4-1024x683.jpg\" data-width=\"1500\" src=\"https:\/\/i0.wp.com\/tastepoland.pl\/wp-content\/uploads\/2021\/07\/ksiaz_-4-1024x683.jpg?ssl=1\" data-amp-layout=\"responsive\"\/><\/figure><\/div><div class=\"tiled-gallery__col\" style=\"flex-basis:50.00000%\"><figure class=\"tiled-gallery__item\"><img decoding=\"async\" alt=\"\" data-height=\"1000\" data-id=\"4966\" data-link=\"https:\/\/tastepoland.pl\/2021\/07\/08\/10-inspiracji-na-polskie-wakacje-ze-smakiem-czesc-2\/ksiaz_-8\/\" data-url=\"https:\/\/tastepoland.pl\/wp-content\/uploads\/2021\/07\/ksiaz_-8-1024x683.jpg\" data-width=\"1500\" src=\"https:\/\/i2.wp.com\/tastepoland.pl\/wp-content\/uploads\/2021\/07\/ksiaz_-8-1024x683.jpg?ssl=1\" data-amp-layout=\"responsive\"\/><\/figure><\/div><\/div><\/div><\/div>\r\n\r\n\r\n\r\n<div class=\"is-layout-flow wp-block-group\"><div class=\"wp-block-group__inner-container\">\r\n<p><strong>Zamek Czocha<\/strong> to ju\u017c&nbsp;bli\u017cej Jeleniej G\u00f3ry ale kolejny z dolno\u015bl\u0105skich zamk\u00f3w, kt\u00f3re chcia\u0142em odwiedzi\u0107. Pandemicznie niestety mo\u017cliwe by\u0142o zwiedzanie z tylko zewn\u0105trz \ud83d\ude41 do tego jak podjechali\u015bmy w\u0142a\u015bnie si\u0119 rozpada\u0142o&#8230; C\u00f3\u017c wiem jedno na pewno tam wr\u00f3cimy.<\/p>\r\n\r\n\r\n\r\n<div class=\"wp-block-jetpack-tiled-gallery aligncenter is-style-rectangular\"><div class=\"tiled-gallery__gallery\"><div class=\"tiled-gallery__row\"><div class=\"tiled-gallery__col\" style=\"flex-basis:100.00000%\"><figure class=\"tiled-gallery__item\"><img decoding=\"async\" alt=\"\" data-height=\"1500\" data-id=\"4987\" data-link=\"https:\/\/tastepoland.pl\/?attachment_id=4987\" data-url=\"https:\/\/tastepoland.pl\/wp-content\/uploads\/2021\/07\/czocha_-2-1.jpg\" data-width=\"1125\" src=\"https:\/\/i0.wp.com\/tastepoland.pl\/wp-content\/uploads\/2021\/07\/czocha_-2-1.jpg?ssl=1\" data-amp-layout=\"responsive\"\/><\/figure><\/div><\/div><\/div><\/div>\r\n\r\n\r\n<\/div><\/div>\r\n\r\n\r\n\r\n<p>Niestety wiele z dolno\u015bl\u0105skich zamk\u00f3w i pa\u0142ac\u00f3w uleg\u0142o zniszczeniu, cz\u0119\u015b\u0107 z nich to lepiej lub gorzej zachowane ruiny. Polecam profil <a href=\"https:\/\/www.facebook.com\/HanniSmoke\/\" target=\"_blank\" rel=\"noreferrer noopener nofollow\">HannibalSmoke<\/a>, kt\u00f3ry opisuje i pokazuje te miejsca. Na szcz\u0119\u015bcie coraz cz\u0119\u015bciej znajduj\u0105 si\u0119 \u201edobre dusze\u201d, kt\u00f3re chc\u0105 je ocali\u0107 od zag\u0142ady\u2026 szukajcie! <\/p>\r\n\r\n\r\n\r\n<p>Na pewno znajdziecie miejsce dla siebie!<\/p>\r\n\r\n\r\n\r\n<h2>7. <strong>DLA M\u0141ODYCH GEOLOG\u00d3W &#8211; KRAINA WYGAS\u0141YCH WULKAN\u00d3W<\/strong><\/h2>\r\n\r\n\r\n\r\n<p>Czy wiecie, \u017ce w Polsce mo\u017cna wybra\u0107 si\u0119 na wulkan (i to nie jeden). Niestety wygas\u0142y i to dawno temu. Tak czy owak warto si\u0119 na niego wybra\u0107. Kraina wygas\u0142ych wulkan\u00f3w, a w\u0142a\u015bciwie Pog\u00f3rze Kaczawskie to jeden z ewenement\u00f3w na mapie Polski. Byli\u015bmy zachwyceni nie tylko przyrod\u0105 ale te\u017c lokaln\u0105 wsp\u00f3\u0142prac\u0105. To ewenement jak podr\u00f3\u017cujemy po Polsce &#8211; \u017ce jest jeden wsp\u00f3lny program, kt\u00f3ry obejmuje cykliczne wydarzenia w kilku miejscach w regionie. W czasie wakacji, ma\u0142o kto mo\u017ce si\u0119 tam nudzi\u0107. Szczeg\u00f3lnie b\u0119d\u0105c tam przed pandemi\u0105 &#8211; mo\u017cna by\u0142oby zaskoczonym ilo\u015bci\u0105 warsztat\u00f3w i mo\u017cliwo\u015bci praktycznie na ka\u017cdy dzie\u0144. <\/p>\r\n\r\n\r\n\r\n<p>Zatrzymali\u015bmy si\u0119 w <strong>Villi Greta <\/strong>w malutkim Dobkowie. S\u0142ynie z bajkowego jedzenia w stylu slow. Ziemniaki z jajkiem sadzonym, czy schabowy z ko\u015bci\u0105, udowadniaj\u0105, \u017ce dobrze zrobiona domowa kuchnia ma\u0142o z czym mo\u017ce si\u0119 r\u00f3wna\u0107 \ud83d\ude09 Atrakcji jest tam co niemiara. Pomijaj\u0105c d\u0142ugie spacery na okoliczne wzg\u00f3rza i gr\u0119&nbsp;terenow\u0105 (idealny pomys\u0142 jak najbardziej oporne dzieci sk\u0142oni\u0107 do wycieczki ;-)), mo\u017cna odwiedzi\u0107&nbsp;Zagrod\u0119 Edukacyjn\u0105 &#8211; gdzie dowiedziecie si\u0119&nbsp;o dzia\u0142alno\u015bci wulkanicznej i mo\u017cecie prze\u017cy\u0107 najprawdziwsze trz\u0119sienie Ziemi. Jednym z punkt\u00f3w kt\u00f3re do dzi\u015b&nbsp;wspomina Pola to wyprawa na agaty. Kilkugodzinna wyprawa, gdzie ka\u017cdy poszukuje agat\u00f3w, by je p\u00f3\u017aniej wyszorowa\u0107, przeci\u0105\u0107 i wypolerowa\u0107 w pracowni kamieniarskiej pana Sarula w Nowym Ko\u015bciele.<\/p>\r\n\r\n\r\n\r\n<p>&nbsp;&nbsp;&nbsp;&nbsp;&nbsp;&nbsp;&nbsp;&nbsp; Warto wspi\u0105\u0107 si\u0119&nbsp;na jaki\u015b&nbsp;wulkan! Uwaga dla dzieciak\u00f3w fajna atrakcja to paszport odkrywcy, gdzie za zaliczenie kolejnych atrakcji i kolejne wspinaczki pozwalaj\u0105 zdobywa\u0107&nbsp;piecz\u0105tki! Jedn\u0105 z nich zdob\u0119dziecie po wspinaczce na Wielis\u0142awk\u0119. Po trudach wspinania i odwiedzeniu Organ\u00f3w Wielis\u0142awskich polecam Wam gor\u0105co odwiedzenie <strong>M\u0142ynu Wielis\u0142aw<\/strong>. Jego restauracja s\u0142ynie z g\u0119siny. I jakkolwiek nie brzmi\u0105 <strong>g\u0119sie \u017co\u0142\u0105dki z \u017curkiem<\/strong> &#8211; musicie ich spr\u00f3bowa\u0107! R E W E L A C J A.&nbsp; W wierzcie mi niejeden \u017curek w \u017cyciu zjad\u0142em!<\/p>\r\n\r\n\r\n\r\n<p><\/p>\r\n\r\n\r\n\r\n<div class=\"wp-block-jetpack-tiled-gallery aligncenter is-style-rectangular\"><div class=\"tiled-gallery__gallery\"><div class=\"tiled-gallery__row\"><div class=\"tiled-gallery__col\" style=\"flex-basis:42.37410%\"><figure class=\"tiled-gallery__item\"><img decoding=\"async\" alt=\"\" data-height=\"1000\" data-id=\"5014\" data-link=\"https:\/\/tastepoland.pl\/?attachment_id=5014\" data-url=\"https:\/\/tastepoland.pl\/wp-content\/uploads\/2021\/07\/greta_.jpg\" data-width=\"1500\" src=\"https:\/\/i2.wp.com\/tastepoland.pl\/wp-content\/uploads\/2021\/07\/greta_.jpg?ssl=1\" data-amp-layout=\"responsive\"\/><\/figure><figure class=\"tiled-gallery__item\"><img decoding=\"async\" alt=\"\" data-height=\"1000\" data-id=\"5021\" data-link=\"https:\/\/tastepoland.pl\/?attachment_id=5021\" data-url=\"https:\/\/tastepoland.pl\/wp-content\/uploads\/2021\/07\/greta_-7-1.jpg\" data-width=\"1500\" src=\"https:\/\/i2.wp.com\/tastepoland.pl\/wp-content\/uploads\/2021\/07\/greta_-7-1.jpg?ssl=1\" data-amp-layout=\"responsive\"\/><\/figure><figure class=\"tiled-gallery__item\"><img decoding=\"async\" alt=\"\" data-height=\"1000\" data-id=\"4999\" data-link=\"https:\/\/tastepoland.pl\/?attachment_id=4999\" data-url=\"https:\/\/tastepoland.pl\/wp-content\/uploads\/2021\/07\/greta_-14-1.jpg\" data-width=\"1500\" src=\"https:\/\/i2.wp.com\/tastepoland.pl\/wp-content\/uploads\/2021\/07\/greta_-14-1.jpg?ssl=1\" data-amp-layout=\"responsive\"\/><\/figure><\/div><div class=\"tiled-gallery__col\" style=\"flex-basis:57.62590%\"><figure class=\"tiled-gallery__item\"><img decoding=\"async\" alt=\"\" data-height=\"1500\" data-id=\"5002\" data-link=\"https:\/\/tastepoland.pl\/?attachment_id=5002\" data-url=\"https:\/\/tastepoland.pl\/wp-content\/uploads\/2021\/07\/greta_-10-1.jpg\" data-width=\"1000\" src=\"https:\/\/i0.wp.com\/tastepoland.pl\/wp-content\/uploads\/2021\/07\/greta_-10-1.jpg?ssl=1\" data-amp-layout=\"responsive\"\/><\/figure><\/div><\/div><div class=\"tiled-gallery__row\"><div class=\"tiled-gallery__col\" style=\"flex-basis:57.62590%\"><figure class=\"tiled-gallery__item\"><img decoding=\"async\" alt=\"\" data-height=\"1500\" data-id=\"5006\" data-link=\"https:\/\/tastepoland.pl\/?attachment_id=5006\" data-url=\"https:\/\/tastepoland.pl\/wp-content\/uploads\/2021\/07\/greta_-9-1.jpg\" data-width=\"1000\" src=\"https:\/\/i1.wp.com\/tastepoland.pl\/wp-content\/uploads\/2021\/07\/greta_-9-1.jpg?ssl=1\" data-amp-layout=\"responsive\"\/><\/figure><\/div><div class=\"tiled-gallery__col\" style=\"flex-basis:42.37410%\"><figure class=\"tiled-gallery__item\"><img decoding=\"async\" alt=\"\" data-height=\"1000\" data-id=\"5018\" data-link=\"https:\/\/tastepoland.pl\/?attachment_id=5018\" data-url=\"https:\/\/tastepoland.pl\/wp-content\/uploads\/2021\/07\/greta_-3-1.jpg\" data-width=\"1500\" src=\"https:\/\/i0.wp.com\/tastepoland.pl\/wp-content\/uploads\/2021\/07\/greta_-3-1.jpg?ssl=1\" data-amp-layout=\"responsive\"\/><\/figure><figure class=\"tiled-gallery__item\"><img decoding=\"async\" alt=\"\" data-height=\"1000\" data-id=\"5016\" data-link=\"https:\/\/tastepoland.pl\/?attachment_id=5016\" data-url=\"https:\/\/tastepoland.pl\/wp-content\/uploads\/2021\/07\/greta_-4-1.jpg\" data-width=\"1500\" src=\"https:\/\/i0.wp.com\/tastepoland.pl\/wp-content\/uploads\/2021\/07\/greta_-4-1.jpg?ssl=1\" data-amp-layout=\"responsive\"\/><\/figure><figure class=\"tiled-gallery__item\"><img decoding=\"async\" alt=\"\" data-height=\"1000\" data-id=\"5008\" data-link=\"https:\/\/tastepoland.pl\/?attachment_id=5008\" data-url=\"https:\/\/tastepoland.pl\/wp-content\/uploads\/2021\/07\/greta_-8-1.jpg\" data-width=\"1500\" src=\"https:\/\/i1.wp.com\/tastepoland.pl\/wp-content\/uploads\/2021\/07\/greta_-8-1.jpg?ssl=1\" data-amp-layout=\"responsive\"\/><\/figure><\/div><\/div><div class=\"tiled-gallery__row\"><div class=\"tiled-gallery__col\" style=\"flex-basis:100.00000%\"><figure class=\"tiled-gallery__item\"><img decoding=\"async\" alt=\"\" data-height=\"1000\" data-id=\"5020\" data-link=\"https:\/\/tastepoland.pl\/?attachment_id=5020\" data-url=\"https:\/\/tastepoland.pl\/wp-content\/uploads\/2021\/07\/greta_-2-1.jpg\" data-width=\"1500\" src=\"https:\/\/i1.wp.com\/tastepoland.pl\/wp-content\/uploads\/2021\/07\/greta_-2-1.jpg?ssl=1\" data-amp-layout=\"responsive\"\/><\/figure><\/div><\/div><\/div><\/div>\r\n\r\n\r\n\r\n<h2>8. <strong>BESKIDY &#8211; TE G\u00d3RY MNIEJ ZNANE<\/strong><\/h2>\r\n\r\n\r\n\r\n<p>&nbsp;&nbsp;&nbsp;&nbsp;&nbsp;&nbsp;&nbsp;&nbsp; Beskid S\u0105decki, Niski czy Wyspowy b\u0119dzie mia\u0142 zawsze g\u0142\u0119boki sentyment w moim sercu. Chyba od zawsze wola\u0142em te tereny ni\u017c turystyczne Zakopane. To historie mojej mamy o wakacjach w Rytrze, to wyprawy do \u017ar\u00f3de\u0142ek z mineraln\u0105 wod\u0105 oraz poszukiwanie rydz\u00f3w. To kraina Nikifora, kt\u00f3ry w Krynicy na sta\u0142e wpisa\u0142 si\u0119 w krajobraz i kultur\u0119 miasta. To r\u00f3wnie\u017c rozsiane po halach bac\u00f3wki, gdzie od najprawdziwszego bacy, mo\u017cecie kupi\u0107&nbsp;najprawdziwsze oscypki. <a href=\"https:\/\/tastepoland.pl\/2015\/07\/31\/ryterskie-wspominki\/\" target=\"_blank\" rel=\"noreferrer noopener\">Jeden z pierwszych wyjazd\u00f3w z Taste Poland w 2015 by\u0142 do Piwnicznej  <\/a>(do dzi\u015b pami\u0119tam smak pysznego bor\u00f3wkowego ciasta z cukierni Magdalenka (tak &#8211; tam w lasach rosn\u0105 bor\u00f3wki nie jagody ;-)). <\/p>\r\n\r\n\r\n\r\n<p>Kilka lat p\u00f3\u017aniej wybrali\u015bmy si\u0119 do <strong>Starego Domu Zdrojowego<\/strong> w Wysowej Zdroju, gdzie jest cudowny ma\u0142y pensjonat z restauracj\u0105 prowadzony przez panie Basi\u0119 i Kasi\u0119. Od lat znajduje si\u0119 w sieci Kulinarnego Dziedzictwa, gdy\u017c na kartach menu mo\u017cna odszuka\u0107 fascynacj\u0119 kuchni\u0105 dawnej Galicji, kt\u00f3ra zosta\u0142a zapomniana wraz z wysiedlonymi \u0141emkami i pomordowanymi \u017bydami. Skupiaj\u0105 si\u0119 na tradycyjnych smakach inspirowanych lokalnymi kulinarnymi tradycjami a w menu mo\u017cna odnale\u017a\u0107 pere\u0142ki takie jak kiszone rydze, nied\u017awiedzi czosnek czy przeogromny wyb\u00f3r klusek, pierog\u00f3w czy innych da\u0144&nbsp;z m\u0105ki. Polecam artystyczne ciastka &#8211; kt\u00f3rej najlepsze warszawskie cukiernie by si\u0119&nbsp;nie powstydzi\u0142y!<\/p>\r\n\r\n\r\n\r\n<p>Idealna baza wypadowa do odwiedzenia jakiej\u015b bac\u00f3wki, wypad do Krynicy czy wyprawy g\u00f3rskim szlakiem.<\/p>\r\n\r\n\r\n\r\n<div class=\"wp-block-jetpack-tiled-gallery aligncenter is-style-rectangular\"><div class=\"tiled-gallery__gallery\"><div class=\"tiled-gallery__row\"><div class=\"tiled-gallery__col\" style=\"flex-basis:69.12169%\"><figure class=\"tiled-gallery__item\"><img decoding=\"async\" alt=\"\" data-height=\"1000\" data-id=\"5015\" data-link=\"https:\/\/tastepoland.pl\/?attachment_id=5015\" data-url=\"https:\/\/tastepoland.pl\/wp-content\/uploads\/2021\/07\/wysowa_-9.jpg\" data-width=\"1500\" src=\"https:\/\/i2.wp.com\/tastepoland.pl\/wp-content\/uploads\/2021\/07\/wysowa_-9.jpg?ssl=1\" data-amp-layout=\"responsive\"\/><\/figure><\/div><div class=\"tiled-gallery__col\" style=\"flex-basis:30.87831%\"><figure class=\"tiled-gallery__item\"><img decoding=\"async\" alt=\"\" data-height=\"1500\" data-id=\"5017\" data-link=\"https:\/\/tastepoland.pl\/?attachment_id=5017\" data-url=\"https:\/\/tastepoland.pl\/wp-content\/uploads\/2021\/07\/wysowa_-10.jpg\" data-width=\"1000\" src=\"https:\/\/i0.wp.com\/tastepoland.pl\/wp-content\/uploads\/2021\/07\/wysowa_-10.jpg?ssl=1\" data-amp-layout=\"responsive\"\/><\/figure><\/div><\/div><div class=\"tiled-gallery__row\"><div class=\"tiled-gallery__col\" style=\"flex-basis:47.46818%\"><figure class=\"tiled-gallery__item\"><img decoding=\"async\" alt=\"\" data-height=\"1500\" data-id=\"5001\" data-link=\"https:\/\/tastepoland.pl\/?attachment_id=5001\" data-url=\"https:\/\/tastepoland.pl\/wp-content\/uploads\/2021\/07\/wysowa_-2.jpg\" data-width=\"1000\" src=\"https:\/\/i2.wp.com\/tastepoland.pl\/wp-content\/uploads\/2021\/07\/wysowa_-2.jpg?ssl=1\" data-amp-layout=\"responsive\"\/><\/figure><\/div><div class=\"tiled-gallery__col\" style=\"flex-basis:52.53182%\"><figure class=\"tiled-gallery__item\"><img decoding=\"async\" alt=\"\" data-height=\"1000\" data-id=\"5003\" data-link=\"https:\/\/tastepoland.pl\/?attachment_id=5003\" data-url=\"https:\/\/tastepoland.pl\/wp-content\/uploads\/2021\/07\/wysowa_-3.jpg\" data-width=\"1500\" src=\"https:\/\/i1.wp.com\/tastepoland.pl\/wp-content\/uploads\/2021\/07\/wysowa_-3.jpg?ssl=1\" data-amp-layout=\"responsive\"\/><\/figure><figure class=\"tiled-gallery__item\"><img decoding=\"async\" alt=\"\" data-height=\"1000\" data-id=\"5009\" data-link=\"https:\/\/tastepoland.pl\/?attachment_id=5009\" data-url=\"https:\/\/tastepoland.pl\/wp-content\/uploads\/2021\/07\/wysowa_-6.jpg\" data-width=\"1500\" src=\"https:\/\/i1.wp.com\/tastepoland.pl\/wp-content\/uploads\/2021\/07\/wysowa_-6.jpg?ssl=1\" data-amp-layout=\"responsive\"\/><\/figure><\/div><\/div><div class=\"tiled-gallery__row\"><div class=\"tiled-gallery__col\" style=\"flex-basis:30.87831%\"><figure class=\"tiled-gallery__item\"><img decoding=\"async\" alt=\"\" data-height=\"1500\" data-id=\"5011\" data-link=\"https:\/\/tastepoland.pl\/?attachment_id=5011\" data-url=\"https:\/\/tastepoland.pl\/wp-content\/uploads\/2021\/07\/wysowa_-7.jpg\" data-width=\"1000\" src=\"https:\/\/i2.wp.com\/tastepoland.pl\/wp-content\/uploads\/2021\/07\/wysowa_-7.jpg?ssl=1\" data-amp-layout=\"responsive\"\/><\/figure><\/div><div class=\"tiled-gallery__col\" style=\"flex-basis:69.12169%\"><figure class=\"tiled-gallery__item\"><img decoding=\"async\" alt=\"\" data-height=\"1000\" data-id=\"5013\" data-link=\"https:\/\/tastepoland.pl\/?attachment_id=5013\" data-url=\"https:\/\/tastepoland.pl\/wp-content\/uploads\/2021\/07\/wysowa_-8.jpg\" data-width=\"1500\" src=\"https:\/\/i0.wp.com\/tastepoland.pl\/wp-content\/uploads\/2021\/07\/wysowa_-8.jpg?ssl=1\" data-amp-layout=\"responsive\"\/><\/figure><\/div><\/div><\/div><\/div>\r\n\r\n\r\n\r\n<p><\/p>\r\n\r\n\r\n\r\n<h2>9. <strong>STATKI NA TRAWIE I WODZIE &#8211; PAS\u0141\u0118K I OKOLICE<\/strong><\/h2>\r\n\r\n\r\n\r\n<p>&nbsp;&nbsp;&nbsp;&nbsp;&nbsp;&nbsp;&nbsp;&nbsp; Jak pierwszy raz dotarli\u015bmy w okolice Pas\u0142\u0119ka &#8211; nie za bardzo wiedzieli\u015bmy jak o tym pisa\u0107. Pope\u0142ni\u0142em kiedy\u015b&nbsp;b\u0142\u0105d &#8211; do\u0142\u0105czaj\u0105c ten region do Warmii i rozp\u0119ta\u0142a si\u0119 prawdziwa burza \ud83d\ude09 Historycznie to Prusy G\u00f3rne (Oberland), formalnie wojew\u00f3dztwo warmi\u0144sko-mazurskie, lub Powi\u015ble. Gdziekolwiek tego nie przypiszemy &#8211; polecam by je odwiedzi\u0107. Baz\u0105 wypadow\u0105 dla nas by\u0142<a href=\"https:\/\/tastepoland.pl\/2016\/10\/12\/dwordawidy\/\" target=\"_blank\" rel=\"noreferrer noopener\"> <strong>Dw\u00f3r Dawidy<\/strong><\/a>, gdzie w\u015br\u00f3d bajkowej przyrody i w czasie pysznego \u015bniadania pe\u0142nego lokalnych smak\u00f3w mo\u017cecie planowa\u0107 jaki odwiedzi\u0107 okoliczne atrakcje. Mo\u017ce by\u0107&nbsp;to Frombork z Katedr\u0105 i Grobem Kopernika, wyprawa nad Zalew Wi\u015blany, czy wyprawa kana\u0142em Elbl\u0105skim, gdzie mo\u017cecie si\u0119&nbsp;przep\u0142yn\u0105\u0107 statkiem po trawie! Kulinarnie te\u017c jest, gdzie si\u0119 zadowoli\u0107. W Dworze Dawidy &#8211; dostaniecie na pewno pyszne \u015bniadanie z lokalnych sk\u0142adnik\u00f3w. <\/p>\r\n\r\n\r\n\r\n<p>Je\u015bli lubicie atrakcje kulinarne &#8211; koniecznie musicie odwiedzi\u0107 Pana \u015alimaka (Grzegorza Skalmowskiego) w Hoteliku 51 w Pas\u0142\u0119ku i spr\u00f3bowa\u0107 jego \u015blimaczych specja\u0142\u00f3w. Z ciekawostek dokopa\u0142 si\u0119 do tego, \u017ce gospodynie na tych terenach przyrz\u0105dza\u0142y \u015blimaki\u2026 odnalaz\u0142 123 letni\u0105 receptur\u0119 i po latach stara\u0144 wpisa\u0142 j\u0105 na list\u0119 dziedzictwa kulinarnego. Dla wielbicieli tradycyjnej acz dobrej kuchni polecam \u201ePod K\u0142obukiem\u201d w Ma\u0142dytach &#8211; gdzie znajdziecie szeroki wyb\u00f3r lokalnych da\u0144\u2026 kt\u00f3re smakuj\u0105&nbsp;ob\u0142\u0119dnie. Warto tylko zadba\u0107 o wcze\u015bniejsz\u0105&nbsp;rezerwacje &#8211; bo o miejsce zawsze by\u0142o ci\u0119\u017cko!<\/p>\r\n\r\n\r\n\r\n<div class=\"wp-block-jetpack-tiled-gallery aligncenter is-style-rectangular\"><div class=\"tiled-gallery__gallery\"><div class=\"tiled-gallery__row\"><div class=\"tiled-gallery__col\" style=\"flex-basis:42.63429%\"><figure class=\"tiled-gallery__item\"><img decoding=\"async\" alt=\"dwor dawidy warmia taste poland\" data-height=\"1000\" data-id=\"4126\" data-link=\"https:\/\/tastepoland.pl\/2018\/05\/21\/warmia-polska-toskania\/dwor-dawidy-wnetrze\/\" data-url=\"https:\/\/tastepoland.pl\/wp-content\/uploads\/2016\/11\/Dwor-Dawidy-Wnetrze.jpg\" data-width=\"1500\" src=\"https:\/\/i1.wp.com\/tastepoland.pl\/wp-content\/uploads\/2016\/11\/Dwor-Dawidy-Wnetrze.jpg?ssl=1\" data-amp-layout=\"responsive\"\/><\/figure><figure class=\"tiled-gallery__item\"><img decoding=\"async\" alt=\"\" data-height=\"1200\" data-id=\"3141\" data-link=\"https:\/\/tastepoland.pl\/2016\/10\/12\/dwordawidy\/dwor_dawidy-21\/\" data-url=\"https:\/\/tastepoland.pl\/wp-content\/uploads\/2016\/10\/dwor_dawidy-21.jpg\" data-width=\"1800\" src=\"https:\/\/i0.wp.com\/tastepoland.pl\/wp-content\/uploads\/2016\/10\/dwor_dawidy-21.jpg?ssl=1\" data-amp-layout=\"responsive\"\/><\/figure><figure class=\"tiled-gallery__item\"><img decoding=\"async\" alt=\"\" data-height=\"1200\" data-id=\"3139\" data-link=\"https:\/\/tastepoland.pl\/2016\/10\/12\/dwordawidy\/dwor_dawidy-19\/\" data-url=\"https:\/\/tastepoland.pl\/wp-content\/uploads\/2016\/10\/dwor_dawidy-19.jpg\" data-width=\"1800\" src=\"https:\/\/i0.wp.com\/tastepoland.pl\/wp-content\/uploads\/2016\/10\/dwor_dawidy-19.jpg?ssl=1\" data-amp-layout=\"responsive\"\/><\/figure><\/div><div class=\"tiled-gallery__col\" style=\"flex-basis:57.36571%\"><figure class=\"tiled-gallery__item\"><img decoding=\"async\" alt=\"\" data-height=\"1800\" data-id=\"3148\" data-link=\"https:\/\/tastepoland.pl\/2016\/10\/12\/dwordawidy\/dwor_dawidy-28\/\" data-url=\"https:\/\/tastepoland.pl\/wp-content\/uploads\/2016\/10\/dwor_dawidy-28.jpg\" data-width=\"1200\" src=\"https:\/\/i1.wp.com\/tastepoland.pl\/wp-content\/uploads\/2016\/10\/dwor_dawidy-28.jpg?ssl=1\" data-amp-layout=\"responsive\"\/><\/figure><\/div><\/div><div class=\"tiled-gallery__row\"><div class=\"tiled-gallery__col\" style=\"flex-basis:49.82658%\"><figure class=\"tiled-gallery__item\"><img decoding=\"async\" alt=\"\" data-height=\"533\" data-id=\"3430\" data-link=\"https:\/\/tastepoland.pl\/2016\/12\/30\/podsumowanie2016\/podsumowanie-6\/\" data-url=\"https:\/\/tastepoland.pl\/wp-content\/uploads\/2017\/01\/podsumowanie-6.jpg\" data-width=\"800\" src=\"https:\/\/i2.wp.com\/tastepoland.pl\/wp-content\/uploads\/2017\/01\/podsumowanie-6.jpg?ssl=1\" data-amp-layout=\"responsive\"\/><\/figure><figure class=\"tiled-gallery__item\"><img decoding=\"async\" alt=\"\" data-height=\"1000\" data-id=\"5050\" data-link=\"https:\/\/tastepoland.pl\/?attachment_id=5050\" data-url=\"https:\/\/tastepoland.pl\/wp-content\/uploads\/2021\/07\/frombork_.jpg\" data-width=\"1500\" src=\"https:\/\/i2.wp.com\/tastepoland.pl\/wp-content\/uploads\/2021\/07\/frombork_.jpg?ssl=1\" data-amp-layout=\"responsive\"\/><\/figure><\/div><div class=\"tiled-gallery__col\" style=\"flex-basis:50.17342%\"><figure class=\"tiled-gallery__item\"><img decoding=\"async\" alt=\"\" data-height=\"2560\" data-id=\"5044\" data-link=\"https:\/\/tastepoland.pl\/?attachment_id=5044\" data-url=\"https:\/\/tastepoland.pl\/wp-content\/uploads\/2021\/07\/IMG_2498-scaled.jpeg\" data-width=\"1920\" src=\"https:\/\/i1.wp.com\/tastepoland.pl\/wp-content\/uploads\/2021\/07\/IMG_2498-scaled.jpeg?ssl=1\" data-amp-layout=\"responsive\"\/><\/figure><\/div><\/div><div class=\"tiled-gallery__row\"><div class=\"tiled-gallery__col\" style=\"flex-basis:50.00000%\"><figure class=\"tiled-gallery__item\"><img decoding=\"async\" alt=\"\" data-height=\"2560\" data-id=\"5045\" data-link=\"https:\/\/tastepoland.pl\/?attachment_id=5045\" data-url=\"https:\/\/tastepoland.pl\/wp-content\/uploads\/2021\/07\/IMG_2493-scaled.jpeg\" data-width=\"1920\" src=\"https:\/\/i2.wp.com\/tastepoland.pl\/wp-content\/uploads\/2021\/07\/IMG_2493-scaled.jpeg?ssl=1\" data-amp-layout=\"responsive\"\/><\/figure><\/div><div class=\"tiled-gallery__col\" style=\"flex-basis:50.00000%\"><figure class=\"tiled-gallery__item\"><img decoding=\"async\" alt=\"\" data-height=\"2560\" data-id=\"5046\" data-link=\"https:\/\/tastepoland.pl\/?attachment_id=5046\" data-url=\"https:\/\/tastepoland.pl\/wp-content\/uploads\/2021\/07\/IMG_2490-scaled.jpeg\" data-width=\"1920\" src=\"https:\/\/i1.wp.com\/tastepoland.pl\/wp-content\/uploads\/2021\/07\/IMG_2490-scaled.jpeg?ssl=1\" data-amp-layout=\"responsive\"\/><\/figure><\/div><\/div><\/div><\/div>\r\n\r\n\r\n\r\n<p><\/p>\r\n\r\n\r\n\r\n<h2>10. <strong>OPCJA DLA DOROS\u0141YCH &#8211; WINNYM SZLAKIEM <\/strong><\/h2>\r\n\r\n\r\n\r\n<p>Kiedy w 2015 roku spr\u00f3bowa\u0142em po raz pierwszy polskiego wina by\u0142em pod niema\u0142ym wra\u017ceniem\u2026 niestety negatywnym. Dwa lata p\u00f3\u017aniej spr\u00f3bowa\u0142em kolejnego, odwiedzi\u0142em moj\u0105&nbsp;pierwsz\u0105 winnic\u0119, pierwszy festiwal polskiego wina\u2026 i si\u0119 zakocha\u0142em. Mo\u017ce nie tyle w samym winie (chocia\u017c z roku na rok jest coraz lepiej) ale w opowie\u015bciach, degustacjach i spotykaniu ludzi pasjonat\u00f3w tego, co robi\u0105.<\/p>\r\n\r\n\r\n\r\n<p>Nie trzeba jecha\u0107 do W\u0142och, Francji czy Hiszpanii by poczu\u0107 klimat i dowiedzie\u0107 si\u0119&nbsp;jak powstaje wino. Od Podkarpacia a\u017c po Dolny \u015al\u0105sk i Lubuskie trudno nie znale\u017a\u0107&nbsp;mniejszej czy wi\u0119kszej winnicy. Cz\u0119\u015b\u0107&nbsp;z nich jest dobrze zorganizowana w formie szlak\u00f3w &#8211; gdzie od razu mo\u017cecie zaplanowa\u0107 sobie wizyty od razu w kilku z nich. Dla mieszka\u0144c\u00f3w Warszawy &#8211; ciekawostka &#8211; najbli\u017csza stolicy to <strong>Winnica Dw\u00f3rzno<\/strong> &#8211; mniej wi\u0119cej 40 min od centrum! Co jaki\u015b&nbsp;czas organizuj\u0105 piknik &#8211; gdzie nie tylko mo\u017cna spr\u00f3bowa\u0107 i dowiedzie\u0107 si\u0119&nbsp;wi\u0119cej o winie, ale r\u00f3wnie\u017c pos\u0142ucha\u0107 muzyki i sp\u0119dzi\u0107 mi\u0142y czas na zielonej trawce i kocyku. Warto \u015bledzi\u0107 inch profil na FB. <\/p>\r\n\r\n\r\n\r\n<p>Je\u015bli macie ochot\u0119 na winne wakacje koniecznie sprawd\u017acie portal <a href=\"https:\/\/tastepoland.pl\/2019\/08\/07\/czy-istnieje-polska-enoturystyka\/\" target=\"_blank\" rel=\"noreferrer noopener\"><strong>Winnicomania<\/strong> &#8211; Tatiany i Kasi<\/a> na kt\u00f3rym na pewno znajdziecie, co winnego dzieje si\u0119 w Waszej okolicy.<\/p>\r\n\r\n\r\n\r\n<div class=\"wp-block-jetpack-tiled-gallery aligncenter is-style-rectangular\"><div class=\"tiled-gallery__gallery\"><div class=\"tiled-gallery__row\"><div class=\"tiled-gallery__col\" style=\"flex-basis:69.18045%\"><figure class=\"tiled-gallery__item\"><img decoding=\"async\" alt=\"\" data-height=\"1000\" data-id=\"5033\" data-link=\"https:\/\/tastepoland.pl\/2021\/07\/08\/10-inspiracji-na-polskie-wakacje-ze-smakiem-czesc-2\/winnice_-1\/\" data-url=\"https:\/\/tastepoland.pl\/wp-content\/uploads\/2021\/07\/winnice_-1-1024x683.jpg\" data-width=\"1500\" src=\"https:\/\/i1.wp.com\/tastepoland.pl\/wp-content\/uploads\/2021\/07\/winnice_-1-1024x683.jpg?ssl=1\" data-amp-layout=\"responsive\"\/><\/figure><\/div><div class=\"tiled-gallery__col\" style=\"flex-basis:30.81955%\"><figure class=\"tiled-gallery__item\"><img decoding=\"async\" alt=\"\" data-height=\"1500\" data-id=\"5035\" data-link=\"https:\/\/tastepoland.pl\/2021\/07\/08\/10-inspiracji-na-polskie-wakacje-ze-smakiem-czesc-2\/winnice-dworz_-3-1\/\" data-url=\"https:\/\/tastepoland.pl\/wp-content\/uploads\/2021\/07\/winnice-dworz_-3-1-683x1024.jpg\" data-width=\"1000\" src=\"https:\/\/i1.wp.com\/tastepoland.pl\/wp-content\/uploads\/2021\/07\/winnice-dworz_-3-1-683x1024.jpg?ssl=1\" data-amp-layout=\"responsive\"\/><\/figure><\/div><\/div><div class=\"tiled-gallery__row\"><div class=\"tiled-gallery__col\" style=\"flex-basis:66.78744%\"><figure class=\"tiled-gallery__item\"><img decoding=\"async\" alt=\"\" data-height=\"1000\" data-id=\"5040\" data-link=\"https:\/\/tastepoland.pl\/2021\/07\/08\/10-inspiracji-na-polskie-wakacje-ze-smakiem-czesc-2\/winnice-sando_-1\/\" data-url=\"https:\/\/tastepoland.pl\/wp-content\/uploads\/2021\/07\/winnice-sando_-1-1024x683.jpg\" data-width=\"1500\" src=\"https:\/\/i2.wp.com\/tastepoland.pl\/wp-content\/uploads\/2021\/07\/winnice-sando_-1-1024x683.jpg?ssl=1\" data-amp-layout=\"responsive\"\/><\/figure><\/div><div class=\"tiled-gallery__col\" style=\"flex-basis:33.21256%\"><figure class=\"tiled-gallery__item\"><img decoding=\"async\" alt=\"\" data-height=\"1000\" data-id=\"5024\" data-link=\"https:\/\/tastepoland.pl\/2021\/07\/08\/10-inspiracji-na-polskie-wakacje-ze-smakiem-czesc-2\/winnice-dworz_-2\/\" data-url=\"https:\/\/tastepoland.pl\/wp-content\/uploads\/2021\/07\/winnice-dworz_-2-1024x683.jpg\" data-width=\"1500\" src=\"https:\/\/i0.wp.com\/tastepoland.pl\/wp-content\/uploads\/2021\/07\/winnice-dworz_-2-1024x683.jpg?ssl=1\" data-amp-layout=\"responsive\"\/><\/figure><figure class=\"tiled-gallery__item\"><img decoding=\"async\" alt=\"\" data-height=\"1000\" data-id=\"5032\" data-link=\"https:\/\/tastepoland.pl\/2021\/07\/08\/10-inspiracji-na-polskie-wakacje-ze-smakiem-czesc-2\/winnice_-2-1\/\" data-url=\"https:\/\/tastepoland.pl\/wp-content\/uploads\/2021\/07\/winnice_-2-1-1024x683.jpg\" data-width=\"1500\" src=\"https:\/\/i1.wp.com\/tastepoland.pl\/wp-content\/uploads\/2021\/07\/winnice_-2-1-1024x683.jpg?ssl=1\" data-amp-layout=\"responsive\"\/><\/figure><\/div><\/div><div class=\"tiled-gallery__row\"><div class=\"tiled-gallery__col\" style=\"flex-basis:100.00000%\"><figure class=\"tiled-gallery__item\"><img decoding=\"async\" alt=\"\" data-height=\"1000\" data-id=\"5029\" data-link=\"https:\/\/tastepoland.pl\/2021\/07\/08\/10-inspiracji-na-polskie-wakacje-ze-smakiem-czesc-2\/winnice-sando_-3\/\" data-url=\"https:\/\/tastepoland.pl\/wp-content\/uploads\/2021\/07\/winnice-sando_-3-1024x683.jpg\" data-width=\"1500\" src=\"https:\/\/i0.wp.com\/tastepoland.pl\/wp-content\/uploads\/2021\/07\/winnice-sando_-3-1024x683.jpg?ssl=1\" data-amp-layout=\"responsive\"\/><\/figure><\/div><\/div><\/div><\/div>\r\n\r\n\r\n\r\n<p>I to tyle! Nasze najciekawsze miejsca i smaki! B\u0119dziemy szuka\u0107 dalej, by Wam zn\u00f3w pokaza\u0107 co\u015b ciekawego i nowego!\u00a0<\/p>","protected":false},"excerpt":{"rendered":"<p>II cz\u0119\u015b\u0107 naszego subiektywnego rankingu miejsc do odwiedzenia na kulinarne eksploracje i nie tylko \ud83d\ude09 <\/p>\n","protected":false},"author":2,"featured_media":5053,"comment_status":"open","ping_status":"open","sticky":false,"template":"","format":"standard","meta":[],"categories":[4,188,1],"tags":[142],"yoast_head":"<!-- This site is optimized with the Yoast SEO plugin v19.0 - https:\/\/yoast.com\/wordpress\/plugins\/seo\/ -->\n<title>Lato, lato, lato czeka - 10 INSPIRACJI NA POLSKIE WAKACJE ZE SMAKIEM \u2013 cz\u0119\u015b\u0107 2<\/title>\n<meta name=\"description\" content=\"Taste Poland | Wyprawy po smakach Polski | kulinarne odkrywanie Polski | wakacje ze smakiem\" \/>\n<meta name=\"robots\" content=\"index, follow, max-snippet:-1, max-image-preview:large, max-video-preview:-1\" \/>\n<link rel=\"canonical\" href=\"https:\/\/tastepoland.pl\/2021\/07\/08\/10-inspiracji-na-polskie-wakacje-ze-smakiem-czesc-2\/\" \/>\n<meta property=\"og:locale\" content=\"en_US\" \/>\n<meta property=\"og:type\" content=\"article\" \/>\n<meta property=\"og:title\" content=\"Lato, lato, lato czeka - 10 INSPIRACJI NA POLSKIE WAKACJE ZE SMAKIEM \u2013 cz\u0119\u015b\u0107 2\" \/>\n<meta property=\"og:description\" content=\"Taste Poland | Wyprawy po smakach Polski | kulinarne odkrywanie Polski | wakacje ze smakiem\" \/>\n<meta property=\"og:url\" content=\"https:\/\/tastepoland.pl\/2021\/07\/08\/10-inspiracji-na-polskie-wakacje-ze-smakiem-czesc-2\/\" \/>\n<meta property=\"og:site_name\" content=\"TASTE POLAND by Wojtek Osi\u0144ski\" \/>\n<meta property=\"article:publisher\" content=\"https:\/\/www.facebook.com\/tastepoland\/\" \/>\n<meta property=\"article:published_time\" content=\"2021-07-08T06:24:57+00:00\" \/>\n<meta property=\"article:modified_time\" content=\"2022-06-18T14:53:54+00:00\" \/>\n<meta property=\"og:image\" content=\"https:\/\/tastepoland.pl\/wp-content\/uploads\/2021\/07\/cover_-2-1.jpg\" \/>\n\t<meta property=\"og:image:width\" content=\"1500\" \/>\n\t<meta property=\"og:image:height\" content=\"1000\" \/>\n\t<meta property=\"og:image:type\" content=\"image\/jpeg\" \/>\n<meta name=\"twitter:card\" content=\"summary\" \/>\n<meta name=\"twitter:creator\" content=\"@tastepoland\" \/>\n<meta name=\"twitter:site\" content=\"@tastepoland\" \/>\n<meta name=\"twitter:label1\" content=\"Written by\" \/>\n\t<meta name=\"twitter:data1\" content=\"TastePoland - Voytek\" \/>\n\t<meta name=\"twitter:label2\" content=\"Est. reading time\" \/>\n\t<meta name=\"twitter:data2\" content=\"10 minutes\" \/>\n<script type=\"application\/ld+json\" class=\"yoast-schema-graph\">{\"@context\":\"https:\/\/schema.org\",\"@graph\":[{\"@type\":\"WebSite\",\"@id\":\"https:\/\/tastepoland.pl\/#website\",\"url\":\"https:\/\/tastepoland.pl\/\",\"name\":\"TASTE POLAND by Wojtek Osi\u0144ski\",\"description\":\"Travel inspiration, reviews and own thoughts thats all what culinary tourist needs\",\"potentialAction\":[{\"@type\":\"SearchAction\",\"target\":{\"@type\":\"EntryPoint\",\"urlTemplate\":\"https:\/\/tastepoland.pl\/?s={search_term_string}\"},\"query-input\":\"required name=search_term_string\"}],\"inLanguage\":\"en-US\"},{\"@type\":\"ImageObject\",\"inLanguage\":\"en-US\",\"@id\":\"https:\/\/tastepoland.pl\/2021\/07\/08\/10-inspiracji-na-polskie-wakacje-ze-smakiem-czesc-2\/#primaryimage\",\"url\":\"https:\/\/tastepoland.pl\/wp-content\/uploads\/2021\/07\/cover_-2-1.jpg\",\"contentUrl\":\"https:\/\/tastepoland.pl\/wp-content\/uploads\/2021\/07\/cover_-2-1.jpg\",\"width\":1500,\"height\":1000,\"caption\":\"wakacje polska kulinarne\"},{\"@type\":\"WebPage\",\"@id\":\"https:\/\/tastepoland.pl\/2021\/07\/08\/10-inspiracji-na-polskie-wakacje-ze-smakiem-czesc-2\/#webpage\",\"url\":\"https:\/\/tastepoland.pl\/2021\/07\/08\/10-inspiracji-na-polskie-wakacje-ze-smakiem-czesc-2\/\",\"name\":\"Lato, lato, lato czeka - 10 INSPIRACJI NA POLSKIE WAKACJE ZE SMAKIEM \u2013 cz\u0119\u015b\u0107 2\",\"isPartOf\":{\"@id\":\"https:\/\/tastepoland.pl\/#website\"},\"primaryImageOfPage\":{\"@id\":\"https:\/\/tastepoland.pl\/2021\/07\/08\/10-inspiracji-na-polskie-wakacje-ze-smakiem-czesc-2\/#primaryimage\"},\"datePublished\":\"2021-07-08T06:24:57+00:00\",\"dateModified\":\"2022-06-18T14:53:54+00:00\",\"author\":{\"@id\":\"https:\/\/tastepoland.pl\/#\/schema\/person\/b1ffe71eabaacfe1377e649c1eb41abd\"},\"description\":\"Taste Poland | Wyprawy po smakach Polski | kulinarne odkrywanie Polski | wakacje ze smakiem\",\"breadcrumb\":{\"@id\":\"https:\/\/tastepoland.pl\/2021\/07\/08\/10-inspiracji-na-polskie-wakacje-ze-smakiem-czesc-2\/#breadcrumb\"},\"inLanguage\":\"en-US\",\"potentialAction\":[{\"@type\":\"ReadAction\",\"target\":[\"https:\/\/tastepoland.pl\/2021\/07\/08\/10-inspiracji-na-polskie-wakacje-ze-smakiem-czesc-2\/\"]}]},{\"@type\":\"BreadcrumbList\",\"@id\":\"https:\/\/tastepoland.pl\/2021\/07\/08\/10-inspiracji-na-polskie-wakacje-ze-smakiem-czesc-2\/#breadcrumb\",\"itemListElement\":[{\"@type\":\"ListItem\",\"position\":1,\"name\":\"Strona g\u0142\u00f3wna\",\"item\":\"https:\/\/tastepoland.pl\/\"},{\"@type\":\"ListItem\",\"position\":2,\"name\":\"Lato, lato, lato czeka &#8211; 10 INSPIRACJI NA POLSKIE WAKACJE ZE SMAKIEM \u2013 cz\u0119\u015b\u0107 2\"}]},{\"@type\":\"Person\",\"@id\":\"https:\/\/tastepoland.pl\/#\/schema\/person\/b1ffe71eabaacfe1377e649c1eb41abd\",\"name\":\"TastePoland - Voytek\",\"image\":{\"@type\":\"ImageObject\",\"inLanguage\":\"en-US\",\"@id\":\"https:\/\/tastepoland.pl\/#\/schema\/person\/image\/\",\"url\":\"https:\/\/secure.gravatar.com\/avatar\/650ba892607b6bdcda75f61508b4f6f7?s=96&d=mm&r=g\",\"contentUrl\":\"https:\/\/secure.gravatar.com\/avatar\/650ba892607b6bdcda75f61508b4f6f7?s=96&d=mm&r=g\",\"caption\":\"TastePoland - Voytek\"},\"description\":\"Pasjonat podr\u00f3\u017cy, marketingu i rzemie\u015blniczych marek \u017cywno\u015bci. Doradca turystyki kulinarnej. Ex-ambasador World Food Travel Association w Polsce. Serce i rozum bloga Taste Poland. R\u00f3wnie dobrze czuje si\u0119\u00a0w namiocie na \u0142\u0105ce jak i ***** hotelu. Poszukuje smak\u00f3w, da\u0144\u00a0i miejsc, kt\u00f3re okre\u015blaj\u0105 smak Polski.\",\"sameAs\":[\"http:\/\/www.tastepoland.pl\"]}]}<\/script>\n<!-- \/ Yoast SEO plugin. -->","yoast_head_json":{"title":"Lato, lato, lato czeka - 10 INSPIRACJI NA POLSKIE WAKACJE ZE SMAKIEM \u2013 cz\u0119\u015b\u0107 2","description":"Taste Poland | Wyprawy po smakach Polski | kulinarne odkrywanie Polski | wakacje ze smakiem","robots":{"index":"index","follow":"follow","max-snippet":"max-snippet:-1","max-image-preview":"max-image-preview:large","max-video-preview":"max-video-preview:-1"},"canonical":"https:\/\/tastepoland.pl\/2021\/07\/08\/10-inspiracji-na-polskie-wakacje-ze-smakiem-czesc-2\/","og_locale":"en_US","og_type":"article","og_title":"Lato, lato, lato czeka - 10 INSPIRACJI NA POLSKIE WAKACJE ZE SMAKIEM \u2013 cz\u0119\u015b\u0107 2","og_description":"Taste Poland | Wyprawy po smakach Polski | kulinarne odkrywanie Polski | wakacje ze smakiem","og_url":"https:\/\/tastepoland.pl\/2021\/07\/08\/10-inspiracji-na-polskie-wakacje-ze-smakiem-czesc-2\/","og_site_name":"TASTE POLAND by Wojtek Osi\u0144ski","article_publisher":"https:\/\/www.facebook.com\/tastepoland\/","article_published_time":"2021-07-08T06:24:57+00:00","article_modified_time":"2022-06-18T14:53:54+00:00","og_image":[{"width":1500,"height":1000,"url":"https:\/\/tastepoland.pl\/wp-content\/uploads\/2021\/07\/cover_-2-1.jpg","type":"image\/jpeg"}],"twitter_card":"summary","twitter_creator":"@tastepoland","twitter_site":"@tastepoland","twitter_misc":{"Written by":"TastePoland - Voytek","Est. reading time":"10 minutes"},"schema":{"@context":"https:\/\/schema.org","@graph":[{"@type":"WebSite","@id":"https:\/\/tastepoland.pl\/#website","url":"https:\/\/tastepoland.pl\/","name":"TASTE POLAND by Wojtek Osi\u0144ski","description":"Travel inspiration, reviews and own thoughts thats all what culinary tourist needs","potentialAction":[{"@type":"SearchAction","target":{"@type":"EntryPoint","urlTemplate":"https:\/\/tastepoland.pl\/?s={search_term_string}"},"query-input":"required name=search_term_string"}],"inLanguage":"en-US"},{"@type":"ImageObject","inLanguage":"en-US","@id":"https:\/\/tastepoland.pl\/2021\/07\/08\/10-inspiracji-na-polskie-wakacje-ze-smakiem-czesc-2\/#primaryimage","url":"https:\/\/tastepoland.pl\/wp-content\/uploads\/2021\/07\/cover_-2-1.jpg","contentUrl":"https:\/\/tastepoland.pl\/wp-content\/uploads\/2021\/07\/cover_-2-1.jpg","width":1500,"height":1000,"caption":"wakacje polska kulinarne"},{"@type":"WebPage","@id":"https:\/\/tastepoland.pl\/2021\/07\/08\/10-inspiracji-na-polskie-wakacje-ze-smakiem-czesc-2\/#webpage","url":"https:\/\/tastepoland.pl\/2021\/07\/08\/10-inspiracji-na-polskie-wakacje-ze-smakiem-czesc-2\/","name":"Lato, lato, lato czeka - 10 INSPIRACJI NA POLSKIE WAKACJE ZE SMAKIEM \u2013 cz\u0119\u015b\u0107 2","isPartOf":{"@id":"https:\/\/tastepoland.pl\/#website"},"primaryImageOfPage":{"@id":"https:\/\/tastepoland.pl\/2021\/07\/08\/10-inspiracji-na-polskie-wakacje-ze-smakiem-czesc-2\/#primaryimage"},"datePublished":"2021-07-08T06:24:57+00:00","dateModified":"2022-06-18T14:53:54+00:00","author":{"@id":"https:\/\/tastepoland.pl\/#\/schema\/person\/b1ffe71eabaacfe1377e649c1eb41abd"},"description":"Taste Poland | Wyprawy po smakach Polski | kulinarne odkrywanie Polski | wakacje ze smakiem","breadcrumb":{"@id":"https:\/\/tastepoland.pl\/2021\/07\/08\/10-inspiracji-na-polskie-wakacje-ze-smakiem-czesc-2\/#breadcrumb"},"inLanguage":"en-US","potentialAction":[{"@type":"ReadAction","target":["https:\/\/tastepoland.pl\/2021\/07\/08\/10-inspiracji-na-polskie-wakacje-ze-smakiem-czesc-2\/"]}]},{"@type":"BreadcrumbList","@id":"https:\/\/tastepoland.pl\/2021\/07\/08\/10-inspiracji-na-polskie-wakacje-ze-smakiem-czesc-2\/#breadcrumb","itemListElement":[{"@type":"ListItem","position":1,"name":"Strona g\u0142\u00f3wna","item":"https:\/\/tastepoland.pl\/"},{"@type":"ListItem","position":2,"name":"Lato, lato, lato czeka &#8211; 10 INSPIRACJI NA POLSKIE WAKACJE ZE SMAKIEM \u2013 cz\u0119\u015b\u0107 2"}]},{"@type":"Person","@id":"https:\/\/tastepoland.pl\/#\/schema\/person\/b1ffe71eabaacfe1377e649c1eb41abd","name":"TastePoland - Voytek","image":{"@type":"ImageObject","inLanguage":"en-US","@id":"https:\/\/tastepoland.pl\/#\/schema\/person\/image\/","url":"https:\/\/secure.gravatar.com\/avatar\/650ba892607b6bdcda75f61508b4f6f7?s=96&d=mm&r=g","contentUrl":"https:\/\/secure.gravatar.com\/avatar\/650ba892607b6bdcda75f61508b4f6f7?s=96&d=mm&r=g","caption":"TastePoland - Voytek"},"description":"Pasjonat podr\u00f3\u017cy, marketingu i rzemie\u015blniczych marek \u017cywno\u015bci. Doradca turystyki kulinarnej. Ex-ambasador World Food Travel Association w Polsce. Serce i rozum bloga Taste Poland. R\u00f3wnie dobrze czuje si\u0119\u00a0w namiocie na \u0142\u0105ce jak i ***** hotelu. Poszukuje smak\u00f3w, da\u0144\u00a0i miejsc, kt\u00f3re okre\u015blaj\u0105 smak Polski.","sameAs":["http:\/\/www.tastepoland.pl"]}]}},"_links":{"self":[{"href":"https:\/\/tastepoland.pl\/en\/wp-json\/wp\/v2\/posts\/4946"}],"collection":[{"href":"https:\/\/tastepoland.pl\/en\/wp-json\/wp\/v2\/posts"}],"about":[{"href":"https:\/\/tastepoland.pl\/en\/wp-json\/wp\/v2\/types\/post"}],"author":[{"embeddable":true,"href":"https:\/\/tastepoland.pl\/en\/wp-json\/wp\/v2\/users\/2"}],"replies":[{"embeddable":true,"href":"https:\/\/tastepoland.pl\/en\/wp-json\/wp\/v2\/comments?post=4946"}],"version-history":[{"count":22,"href":"https:\/\/tastepoland.pl\/en\/wp-json\/wp\/v2\/posts\/4946\/revisions"}],"predecessor-version":[{"id":5240,"href":"https:\/\/tastepoland.pl\/en\/wp-json\/wp\/v2\/posts\/4946\/revisions\/5240"}],"wp:featuredmedia":[{"embeddable":true,"href":"https:\/\/tastepoland.pl\/en\/wp-json\/wp\/v2\/media\/5053"}],"wp:attachment":[{"href":"https:\/\/tastepoland.pl\/en\/wp-json\/wp\/v2\/media?parent=4946"}],"wp:term":[{"taxonomy":"category","embeddable":true,"href":"https:\/\/tastepoland.pl\/en\/wp-json\/wp\/v2\/categories?post=4946"},{"taxonomy":"post_tag","embeddable":true,"href":"https:\/\/tastepoland.pl\/en\/wp-json\/wp\/v2\/tags?post=4946"}],"curies":[{"name":"wp","href":"https:\/\/api.w.org\/{rel}","templated":true}]}}