{"id":4681,"date":"2019-02-27T13:48:45","date_gmt":"2019-02-27T11:48:45","guid":{"rendered":"https:\/\/tastepoland.pl\/?p=4681"},"modified":"2021-04-11T09:56:45","modified_gmt":"2021-04-11T07:56:45","slug":"pamietajmy-o-rzemieslnikach-nie-tylko-w-tlusty-czwartek","status":"publish","type":"post","link":"https:\/\/tastepoland.pl\/en\/2019\/02\/27\/pamietajmy-o-rzemieslnikach-nie-tylko-w-tlusty-czwartek\/","title":{"rendered":"(Polski) PAMI\u0118TAJMY O RZEMIE\u015aLNIKACH nie tylko w T\u0142usty Czwartek"},"content":{"rendered":"<p class=\"qtranxs-available-languages-message qtranxs-available-languages-message-en\">Sorry, this entry is only available in <a href=\"https:\/\/tastepoland.pl\/pl\/wp-json\/wp\/v2\/posts\/4681\" class=\"qtranxs-available-language-link qtranxs-available-language-link-pl\" title=\"Polski\">Polish<\/a>.<\/p>","protected":false},"excerpt":{"rendered":"<p>Sorry, this entry is only available in Polish.<\/p>\n","protected":false},"author":2,"featured_media":4688,"comment_status":"open","ping_status":"open","sticky":false,"template":"","format":"standard","meta":[],"categories":[39,2,40,1],"tags":[135,183,46,145,184,30],"yoast_head":"<!-- This site is optimized with the Yoast SEO plugin v19.0 - https:\/\/yoast.com\/wordpress\/plugins\/seo\/ -->\n<title><\/title>\n<meta name=\"robots\" content=\"index, follow, max-snippet:-1, max-image-preview:large, max-video-preview:-1\" \/>\n<link rel=\"canonical\" href=\"http:\/\/tastepoland.pl\/2019\/02\/27\/pamietajmy-o-rzemieslnikach-nie-tylko-w-tlusty-czwartek\/\" \/>\n<meta property=\"og:locale\" content=\"en_US\" \/>\n<meta property=\"og:type\" content=\"article\" \/>\n<meta property=\"og:title\" content=\"[:pl]PAMI\u0118TAJMY O RZEMIE\u015aLNIKACH nie tylko w T\u0142usty Czwartek[:]\" \/>\n<meta property=\"og:description\" content=\"Sorry, this entry is only available in Polish.\" \/>\n<meta property=\"og:url\" content=\"http:\/\/tastepoland.pl\/2019\/02\/27\/pamietajmy-o-rzemieslnikach-nie-tylko-w-tlusty-czwartek\/\" \/>\n<meta property=\"og:site_name\" content=\"TASTE POLAND by Wojtek Osi\u0144ski\" \/>\n<meta property=\"article:publisher\" content=\"https:\/\/www.facebook.com\/tastepoland\/\" \/>\n<meta property=\"article:published_time\" content=\"2019-02-27T11:48:45+00:00\" \/>\n<meta property=\"article:modified_time\" content=\"2021-04-11T07:56:45+00:00\" \/>\n<meta property=\"og:image\" content=\"http:\/\/tastepoland.pl\/wp-content\/uploads\/2019\/02\/paczki-tlusy-czwartek_-8.jpg\" \/>\n\t<meta property=\"og:image:width\" content=\"1400\" \/>\n\t<meta property=\"og:image:height\" content=\"1400\" \/>\n\t<meta property=\"og:image:type\" content=\"image\/jpeg\" \/>\n<meta name=\"twitter:card\" content=\"summary\" \/>\n<meta name=\"twitter:creator\" content=\"@tastepoland\" \/>\n<meta name=\"twitter:site\" content=\"@tastepoland\" \/>\n<meta name=\"twitter:label1\" content=\"Written by\" \/>\n\t<meta name=\"twitter:data1\" content=\"TastePoland - Voytek\" \/>\n\t<meta name=\"twitter:label2\" content=\"Est. reading time\" \/>\n\t<meta name=\"twitter:data2\" content=\"3 minutes\" \/>\n<script type=\"application\/ld+json\" class=\"yoast-schema-graph\">{\"@context\":\"https:\/\/schema.org\",\"@graph\":[{\"@type\":\"WebSite\",\"@id\":\"https:\/\/tastepoland.pl\/#website\",\"url\":\"https:\/\/tastepoland.pl\/\",\"name\":\"TASTE POLAND by Wojtek Osi\u0144ski\",\"description\":\"Travel inspiration, reviews and own thoughts thats all what culinary tourist needs\",\"potentialAction\":[{\"@type\":\"SearchAction\",\"target\":{\"@type\":\"EntryPoint\",\"urlTemplate\":\"https:\/\/tastepoland.pl\/?s={search_term_string}\"},\"query-input\":\"required name=search_term_string\"}],\"inLanguage\":\"en-US\"},{\"@type\":\"ImageObject\",\"inLanguage\":\"en-US\",\"@id\":\"http:\/\/tastepoland.pl\/2019\/02\/27\/pamietajmy-o-rzemieslnikach-nie-tylko-w-tlusty-czwartek\/#primaryimage\",\"url\":\"https:\/\/tastepoland.pl\/wp-content\/uploads\/2019\/02\/paczki-tlusy-czwartek_-8.jpg\",\"contentUrl\":\"https:\/\/tastepoland.pl\/wp-content\/uploads\/2019\/02\/paczki-tlusy-czwartek_-8.jpg\",\"width\":1400,\"height\":1400},{\"@type\":\"WebPage\",\"@id\":\"http:\/\/tastepoland.pl\/2019\/02\/27\/pamietajmy-o-rzemieslnikach-nie-tylko-w-tlusty-czwartek\/#webpage\",\"url\":\"http:\/\/tastepoland.pl\/2019\/02\/27\/pamietajmy-o-rzemieslnikach-nie-tylko-w-tlusty-czwartek\/\",\"name\":\"[:pl]PAMI\u0118TAJMY O RZEMIE\u015aLNIKACH nie tylko w T\u0142usty Czwartek[:]\",\"isPartOf\":{\"@id\":\"https:\/\/tastepoland.pl\/#website\"},\"primaryImageOfPage\":{\"@id\":\"http:\/\/tastepoland.pl\/2019\/02\/27\/pamietajmy-o-rzemieslnikach-nie-tylko-w-tlusty-czwartek\/#primaryimage\"},\"datePublished\":\"2019-02-27T11:48:45+00:00\",\"dateModified\":\"2021-04-11T07:56:45+00:00\",\"author\":{\"@id\":\"https:\/\/tastepoland.pl\/#\/schema\/person\/b1ffe71eabaacfe1377e649c1eb41abd\"},\"breadcrumb\":{\"@id\":\"http:\/\/tastepoland.pl\/2019\/02\/27\/pamietajmy-o-rzemieslnikach-nie-tylko-w-tlusty-czwartek\/#breadcrumb\"},\"inLanguage\":\"en-US\",\"potentialAction\":[{\"@type\":\"ReadAction\",\"target\":[\"http:\/\/tastepoland.pl\/2019\/02\/27\/pamietajmy-o-rzemieslnikach-nie-tylko-w-tlusty-czwartek\/\"]}]},{\"@type\":\"BreadcrumbList\",\"@id\":\"http:\/\/tastepoland.pl\/2019\/02\/27\/pamietajmy-o-rzemieslnikach-nie-tylko-w-tlusty-czwartek\/#breadcrumb\",\"itemListElement\":[{\"@type\":\"ListItem\",\"position\":1,\"name\":\"Strona g\u0142\u00f3wna\",\"item\":\"https:\/\/tastepoland.pl\/\"},{\"@type\":\"ListItem\",\"position\":2,\"name\":\"PAMI\u0118TAJMY O RZEMIE\u015aLNIKACH nie tylko w T\u0142usty Czwartek\"}]},{\"@type\":\"Person\",\"@id\":\"https:\/\/tastepoland.pl\/#\/schema\/person\/b1ffe71eabaacfe1377e649c1eb41abd\",\"name\":\"TastePoland - Voytek\",\"image\":{\"@type\":\"ImageObject\",\"inLanguage\":\"en-US\",\"@id\":\"https:\/\/tastepoland.pl\/#\/schema\/person\/image\/\",\"url\":\"https:\/\/secure.gravatar.com\/avatar\/650ba892607b6bdcda75f61508b4f6f7?s=96&d=mm&r=g\",\"contentUrl\":\"https:\/\/secure.gravatar.com\/avatar\/650ba892607b6bdcda75f61508b4f6f7?s=96&d=mm&r=g\",\"caption\":\"TastePoland - Voytek\"},\"description\":\"Pasjonat podr\u00f3\u017cy, marketingu i rzemie\u015blniczych marek \u017cywno\u015bci. Doradca turystyki kulinarnej. Ex-ambasador World Food Travel Association w Polsce. Serce i rozum bloga Taste Poland. R\u00f3wnie dobrze czuje si\u0119\u00a0w namiocie na \u0142\u0105ce jak i ***** hotelu. Poszukuje smak\u00f3w, da\u0144\u00a0i miejsc, kt\u00f3re okre\u015blaj\u0105 smak Polski.\",\"sameAs\":[\"http:\/\/www.tastepoland.pl\"]}]}<\/script>\n<!-- \/ Yoast SEO plugin. -->","yoast_head_json":{"title":"[:pl]PAMI\u0118TAJMY O RZEMIE\u015aLNIKACH nie tylko w T\u0142usty Czwartek[:]","robots":{"index":"index","follow":"follow","max-snippet":"max-snippet:-1","max-image-preview":"max-image-preview:large","max-video-preview":"max-video-preview:-1"},"canonical":"http:\/\/tastepoland.pl\/2019\/02\/27\/pamietajmy-o-rzemieslnikach-nie-tylko-w-tlusty-czwartek\/","og_locale":"en_US","og_type":"article","og_title":"[:pl]PAMI\u0118TAJMY O RZEMIE\u015aLNIKACH nie tylko w T\u0142usty Czwartek[:]","og_description":"Sorry, this entry is only available in Polish.","og_url":"http:\/\/tastepoland.pl\/2019\/02\/27\/pamietajmy-o-rzemieslnikach-nie-tylko-w-tlusty-czwartek\/","og_site_name":"TASTE POLAND by Wojtek Osi\u0144ski","article_publisher":"https:\/\/www.facebook.com\/tastepoland\/","article_published_time":"2019-02-27T11:48:45+00:00","article_modified_time":"2021-04-11T07:56:45+00:00","og_image":[{"width":1400,"height":1400,"url":"http:\/\/tastepoland.pl\/wp-content\/uploads\/2019\/02\/paczki-tlusy-czwartek_-8.jpg","type":"image\/jpeg"}],"twitter_card":"summary","twitter_creator":"@tastepoland","twitter_site":"@tastepoland","twitter_misc":{"Written by":"TastePoland - Voytek","Est. reading time":"3 minutes"},"schema":{"@context":"https:\/\/schema.org","@graph":[{"@type":"WebSite","@id":"https:\/\/tastepoland.pl\/#website","url":"https:\/\/tastepoland.pl\/","name":"TASTE POLAND by Wojtek Osi\u0144ski","description":"Travel inspiration, reviews and own thoughts thats all what culinary tourist needs","potentialAction":[{"@type":"SearchAction","target":{"@type":"EntryPoint","urlTemplate":"https:\/\/tastepoland.pl\/?s={search_term_string}"},"query-input":"required name=search_term_string"}],"inLanguage":"en-US"},{"@type":"ImageObject","inLanguage":"en-US","@id":"http:\/\/tastepoland.pl\/2019\/02\/27\/pamietajmy-o-rzemieslnikach-nie-tylko-w-tlusty-czwartek\/#primaryimage","url":"https:\/\/tastepoland.pl\/wp-content\/uploads\/2019\/02\/paczki-tlusy-czwartek_-8.jpg","contentUrl":"https:\/\/tastepoland.pl\/wp-content\/uploads\/2019\/02\/paczki-tlusy-czwartek_-8.jpg","width":1400,"height":1400},{"@type":"WebPage","@id":"http:\/\/tastepoland.pl\/2019\/02\/27\/pamietajmy-o-rzemieslnikach-nie-tylko-w-tlusty-czwartek\/#webpage","url":"http:\/\/tastepoland.pl\/2019\/02\/27\/pamietajmy-o-rzemieslnikach-nie-tylko-w-tlusty-czwartek\/","name":"[:pl]PAMI\u0118TAJMY O RZEMIE\u015aLNIKACH nie tylko w T\u0142usty Czwartek[:]","isPartOf":{"@id":"https:\/\/tastepoland.pl\/#website"},"primaryImageOfPage":{"@id":"http:\/\/tastepoland.pl\/2019\/02\/27\/pamietajmy-o-rzemieslnikach-nie-tylko-w-tlusty-czwartek\/#primaryimage"},"datePublished":"2019-02-27T11:48:45+00:00","dateModified":"2021-04-11T07:56:45+00:00","author":{"@id":"https:\/\/tastepoland.pl\/#\/schema\/person\/b1ffe71eabaacfe1377e649c1eb41abd"},"breadcrumb":{"@id":"http:\/\/tastepoland.pl\/2019\/02\/27\/pamietajmy-o-rzemieslnikach-nie-tylko-w-tlusty-czwartek\/#breadcrumb"},"inLanguage":"en-US","potentialAction":[{"@type":"ReadAction","target":["http:\/\/tastepoland.pl\/2019\/02\/27\/pamietajmy-o-rzemieslnikach-nie-tylko-w-tlusty-czwartek\/"]}]},{"@type":"BreadcrumbList","@id":"http:\/\/tastepoland.pl\/2019\/02\/27\/pamietajmy-o-rzemieslnikach-nie-tylko-w-tlusty-czwartek\/#breadcrumb","itemListElement":[{"@type":"ListItem","position":1,"name":"Strona g\u0142\u00f3wna","item":"https:\/\/tastepoland.pl\/"},{"@type":"ListItem","position":2,"name":"PAMI\u0118TAJMY O RZEMIE\u015aLNIKACH nie tylko w T\u0142usty Czwartek"}]},{"@type":"Person","@id":"https:\/\/tastepoland.pl\/#\/schema\/person\/b1ffe71eabaacfe1377e649c1eb41abd","name":"TastePoland - Voytek","image":{"@type":"ImageObject","inLanguage":"en-US","@id":"https:\/\/tastepoland.pl\/#\/schema\/person\/image\/","url":"https:\/\/secure.gravatar.com\/avatar\/650ba892607b6bdcda75f61508b4f6f7?s=96&d=mm&r=g","contentUrl":"https:\/\/secure.gravatar.com\/avatar\/650ba892607b6bdcda75f61508b4f6f7?s=96&d=mm&r=g","caption":"TastePoland - Voytek"},"description":"Pasjonat podr\u00f3\u017cy, marketingu i rzemie\u015blniczych marek \u017cywno\u015bci. Doradca turystyki kulinarnej. Ex-ambasador World Food Travel Association w Polsce. Serce i rozum bloga Taste Poland. R\u00f3wnie dobrze czuje si\u0119\u00a0w namiocie na \u0142\u0105ce jak i ***** hotelu. Poszukuje smak\u00f3w, da\u0144\u00a0i miejsc, kt\u00f3re okre\u015blaj\u0105 smak Polski.","sameAs":["http:\/\/www.tastepoland.pl"]}]}},"_links":{"self":[{"href":"https:\/\/tastepoland.pl\/en\/wp-json\/wp\/v2\/posts\/4681"}],"collection":[{"href":"https:\/\/tastepoland.pl\/en\/wp-json\/wp\/v2\/posts"}],"about":[{"href":"https:\/\/tastepoland.pl\/en\/wp-json\/wp\/v2\/types\/post"}],"author":[{"embeddable":true,"href":"https:\/\/tastepoland.pl\/en\/wp-json\/wp\/v2\/users\/2"}],"replies":[{"embeddable":true,"href":"https:\/\/tastepoland.pl\/en\/wp-json\/wp\/v2\/comments?post=4681"}],"version-history":[{"count":3,"href":"https:\/\/tastepoland.pl\/en\/wp-json\/wp\/v2\/posts\/4681\/revisions"}],"predecessor-version":[{"id":4866,"href":"https:\/\/tastepoland.pl\/en\/wp-json\/wp\/v2\/posts\/4681\/revisions\/4866"}],"wp:featuredmedia":[{"embeddable":true,"href":"https:\/\/tastepoland.pl\/en\/wp-json\/wp\/v2\/media\/4688"}],"wp:attachment":[{"href":"https:\/\/tastepoland.pl\/en\/wp-json\/wp\/v2\/media?parent=4681"}],"wp:term":[{"taxonomy":"category","embeddable":true,"href":"https:\/\/tastepoland.pl\/en\/wp-json\/wp\/v2\/categories?post=4681"},{"taxonomy":"post_tag","embeddable":true,"href":"https:\/\/tastepoland.pl\/en\/wp-json\/wp\/v2\/tags?post=4681"}],"curies":[{"name":"wp","href":"https:\/\/api.w.org\/{rel}","templated":true}]}}