{"id":3048,"date":"2016-09-12T22:16:38","date_gmt":"2016-09-12T20:16:38","guid":{"rendered":"http:\/\/tastepoland.pl\/?p=3048"},"modified":"2016-09-19T22:03:45","modified_gmt":"2016-09-19T20:03:45","slug":"prawie-perfekcyjny-start-wakacji-palac-ciekocinko-kaszuby-polnocne","status":"publish","type":"post","link":"https:\/\/tastepoland.pl\/en\/2016\/09\/12\/prawie-perfekcyjny-start-wakacji-palac-ciekocinko-kaszuby-polnocne\/","title":{"rendered":"(Polski) Prawie perfekcyjny start wakacji \u2013 Pa\u0142ac Ciekocinko \/ KASZUBY P\u00d3\u0141NOCNE"},"content":{"rendered":"<p class=\"qtranxs-available-languages-message qtranxs-available-languages-message-en\">Sorry, this entry is only available in <a href=\"https:\/\/tastepoland.pl\/pl\/wp-json\/wp\/v2\/posts\/3048\" class=\"qtranxs-available-language-link qtranxs-available-language-link-pl\" title=\"Polski\">Polish<\/a>.<\/p>","protected":false},"excerpt":{"rendered":"<p>Sorry, this entry is only available in Polish.<\/p>\n","protected":false},"author":2,"featured_media":3060,"comment_status":"open","ping_status":"open","sticky":false,"template":"","format":"standard","meta":[],"categories":[39,2,4,1,38],"tags":[60,13,59,22],"yoast_head":"<!-- This site is optimized with the Yoast SEO plugin v19.0 - https:\/\/yoast.com\/wordpress\/plugins\/seo\/ -->\n<title><\/title>\n<meta name=\"description\" content=\"Wspania\u0142y pa\u0142ac, malowniczy park, pyszne jedzenie... Czy to wystarczy, by uzna\u0107 Pa\u0142ac Ciekocinko za idealne miejsce na start wakacji?\" \/>\n<meta name=\"robots\" content=\"index, follow, max-snippet:-1, max-image-preview:large, max-video-preview:-1\" \/>\n<link rel=\"canonical\" href=\"https:\/\/tastepoland.pl\/2016\/09\/12\/prawie-perfekcyjny-start-wakacji-palac-ciekocinko-kaszuby-polnocne\/\" \/>\n<meta property=\"og:locale\" content=\"en_US\" \/>\n<meta property=\"og:type\" content=\"article\" \/>\n<meta property=\"og:title\" content=\"Pa\u0142ac Ciekocinko - Kaszuby P\u00f3\u0142nocne\" \/>\n<meta property=\"og:description\" content=\"Wspania\u0142y pa\u0142ac, malowniczy park, pyszne jedzenie... Czy to wystarczy, by uzna\u0107 Pa\u0142ac Ciekocinko za idealne miejsce na start wakacji?\" \/>\n<meta property=\"og:url\" content=\"https:\/\/tastepoland.pl\/2016\/09\/12\/prawie-perfekcyjny-start-wakacji-palac-ciekocinko-kaszuby-polnocne\/\" \/>\n<meta property=\"og:site_name\" content=\"TASTE POLAND by Wojtek Osi\u0144ski\" \/>\n<meta property=\"article:publisher\" content=\"https:\/\/www.facebook.com\/tastepoland\/\" \/>\n<meta property=\"article:published_time\" content=\"2016-09-12T20:16:38+00:00\" \/>\n<meta property=\"article:modified_time\" content=\"2016-09-19T20:03:45+00:00\" \/>\n<meta property=\"og:image\" content=\"https:\/\/tastepoland.pl\/wp-content\/uploads\/2016\/09\/ciekocinko-19.jpg\" \/>\n\t<meta property=\"og:image:width\" content=\"1400\" \/>\n\t<meta property=\"og:image:height\" content=\"933\" \/>\n\t<meta property=\"og:image:type\" content=\"image\/jpeg\" \/>\n<meta name=\"twitter:card\" content=\"summary\" \/>\n<meta name=\"twitter:creator\" content=\"@tastepoland\" \/>\n<meta name=\"twitter:site\" content=\"@tastepoland\" \/>\n<meta name=\"twitter:label1\" content=\"Written by\" \/>\n\t<meta name=\"twitter:data1\" content=\"TastePoland - Voytek\" \/>\n\t<meta name=\"twitter:label2\" content=\"Est. reading time\" \/>\n\t<meta name=\"twitter:data2\" content=\"7 minutes\" \/>\n<script type=\"application\/ld+json\" class=\"yoast-schema-graph\">{\"@context\":\"https:\/\/schema.org\",\"@graph\":[{\"@type\":\"WebSite\",\"@id\":\"https:\/\/tastepoland.pl\/#website\",\"url\":\"https:\/\/tastepoland.pl\/\",\"name\":\"TASTE POLAND by Wojtek Osi\u0144ski\",\"description\":\"Travel inspiration, reviews and own thoughts thats all what culinary tourist needs\",\"potentialAction\":[{\"@type\":\"SearchAction\",\"target\":{\"@type\":\"EntryPoint\",\"urlTemplate\":\"https:\/\/tastepoland.pl\/?s={search_term_string}\"},\"query-input\":\"required name=search_term_string\"}],\"inLanguage\":\"en-US\"},{\"@type\":\"ImageObject\",\"inLanguage\":\"en-US\",\"@id\":\"https:\/\/tastepoland.pl\/2016\/09\/12\/prawie-perfekcyjny-start-wakacji-palac-ciekocinko-kaszuby-polnocne\/#primaryimage\",\"url\":\"https:\/\/tastepoland.pl\/wp-content\/uploads\/2016\/09\/ciekocinko-19.jpg\",\"contentUrl\":\"https:\/\/tastepoland.pl\/wp-content\/uploads\/2016\/09\/ciekocinko-19.jpg\",\"width\":1400,\"height\":933},{\"@type\":\"WebPage\",\"@id\":\"https:\/\/tastepoland.pl\/2016\/09\/12\/prawie-perfekcyjny-start-wakacji-palac-ciekocinko-kaszuby-polnocne\/#webpage\",\"url\":\"https:\/\/tastepoland.pl\/2016\/09\/12\/prawie-perfekcyjny-start-wakacji-palac-ciekocinko-kaszuby-polnocne\/\",\"name\":\"[:pl]Prawie perfekcyjny start wakacji \u2013 Pa\u0142ac Ciekocinko \/ KASZUBY P\u00d3\u0141NOCNE[:]\",\"isPartOf\":{\"@id\":\"https:\/\/tastepoland.pl\/#website\"},\"primaryImageOfPage\":{\"@id\":\"https:\/\/tastepoland.pl\/2016\/09\/12\/prawie-perfekcyjny-start-wakacji-palac-ciekocinko-kaszuby-polnocne\/#primaryimage\"},\"datePublished\":\"2016-09-12T20:16:38+00:00\",\"dateModified\":\"2016-09-19T20:03:45+00:00\",\"author\":{\"@id\":\"https:\/\/tastepoland.pl\/#\/schema\/person\/b1ffe71eabaacfe1377e649c1eb41abd\"},\"description\":\"Wspania\u0142y pa\u0142ac, malowniczy park, pyszne jedzenie... Czy to wystarczy, by uzna\u0107 Pa\u0142ac Ciekocinko za idealne miejsce na start wakacji?\",\"breadcrumb\":{\"@id\":\"https:\/\/tastepoland.pl\/2016\/09\/12\/prawie-perfekcyjny-start-wakacji-palac-ciekocinko-kaszuby-polnocne\/#breadcrumb\"},\"inLanguage\":\"en-US\",\"potentialAction\":[{\"@type\":\"ReadAction\",\"target\":[\"https:\/\/tastepoland.pl\/2016\/09\/12\/prawie-perfekcyjny-start-wakacji-palac-ciekocinko-kaszuby-polnocne\/\"]}]},{\"@type\":\"BreadcrumbList\",\"@id\":\"https:\/\/tastepoland.pl\/2016\/09\/12\/prawie-perfekcyjny-start-wakacji-palac-ciekocinko-kaszuby-polnocne\/#breadcrumb\",\"itemListElement\":[{\"@type\":\"ListItem\",\"position\":1,\"name\":\"Strona g\u0142\u00f3wna\",\"item\":\"https:\/\/tastepoland.pl\/\"},{\"@type\":\"ListItem\",\"position\":2,\"name\":\"Prawie perfekcyjny start wakacji \u2013 Pa\u0142ac Ciekocinko \/ KASZUBY P\u00d3\u0141NOCNE\"}]},{\"@type\":\"Person\",\"@id\":\"https:\/\/tastepoland.pl\/#\/schema\/person\/b1ffe71eabaacfe1377e649c1eb41abd\",\"name\":\"TastePoland - Voytek\",\"image\":{\"@type\":\"ImageObject\",\"inLanguage\":\"en-US\",\"@id\":\"https:\/\/tastepoland.pl\/#\/schema\/person\/image\/\",\"url\":\"https:\/\/secure.gravatar.com\/avatar\/650ba892607b6bdcda75f61508b4f6f7?s=96&d=mm&r=g\",\"contentUrl\":\"https:\/\/secure.gravatar.com\/avatar\/650ba892607b6bdcda75f61508b4f6f7?s=96&d=mm&r=g\",\"caption\":\"TastePoland - Voytek\"},\"description\":\"Pasjonat podr\u00f3\u017cy, marketingu i rzemie\u015blniczych marek \u017cywno\u015bci. Doradca turystyki kulinarnej. Ex-ambasador World Food Travel Association w Polsce. Serce i rozum bloga Taste Poland. R\u00f3wnie dobrze czuje si\u0119\u00a0w namiocie na \u0142\u0105ce jak i ***** hotelu. Poszukuje smak\u00f3w, da\u0144\u00a0i miejsc, kt\u00f3re okre\u015blaj\u0105 smak Polski.\",\"sameAs\":[\"http:\/\/www.tastepoland.pl\"]}]}<\/script>\n<!-- \/ Yoast SEO plugin. -->","yoast_head_json":{"title":"[:pl]Prawie perfekcyjny start wakacji \u2013 Pa\u0142ac Ciekocinko \/ KASZUBY P\u00d3\u0141NOCNE[:]","description":"Wspania\u0142y pa\u0142ac, malowniczy park, pyszne jedzenie... Czy to wystarczy, by uzna\u0107 Pa\u0142ac Ciekocinko za idealne miejsce na start wakacji?","robots":{"index":"index","follow":"follow","max-snippet":"max-snippet:-1","max-image-preview":"max-image-preview:large","max-video-preview":"max-video-preview:-1"},"canonical":"https:\/\/tastepoland.pl\/2016\/09\/12\/prawie-perfekcyjny-start-wakacji-palac-ciekocinko-kaszuby-polnocne\/","og_locale":"en_US","og_type":"article","og_title":"Pa\u0142ac Ciekocinko - Kaszuby P\u00f3\u0142nocne","og_description":"Wspania\u0142y pa\u0142ac, malowniczy park, pyszne jedzenie... Czy to wystarczy, by uzna\u0107 Pa\u0142ac Ciekocinko za idealne miejsce na start wakacji?","og_url":"https:\/\/tastepoland.pl\/2016\/09\/12\/prawie-perfekcyjny-start-wakacji-palac-ciekocinko-kaszuby-polnocne\/","og_site_name":"TASTE POLAND by Wojtek Osi\u0144ski","article_publisher":"https:\/\/www.facebook.com\/tastepoland\/","article_published_time":"2016-09-12T20:16:38+00:00","article_modified_time":"2016-09-19T20:03:45+00:00","og_image":[{"width":1400,"height":933,"url":"https:\/\/tastepoland.pl\/wp-content\/uploads\/2016\/09\/ciekocinko-19.jpg","type":"image\/jpeg"}],"twitter_card":"summary","twitter_creator":"@tastepoland","twitter_site":"@tastepoland","twitter_misc":{"Written by":"TastePoland - Voytek","Est. reading time":"7 minutes"},"schema":{"@context":"https:\/\/schema.org","@graph":[{"@type":"WebSite","@id":"https:\/\/tastepoland.pl\/#website","url":"https:\/\/tastepoland.pl\/","name":"TASTE POLAND by Wojtek Osi\u0144ski","description":"Travel inspiration, reviews and own thoughts thats all what culinary tourist needs","potentialAction":[{"@type":"SearchAction","target":{"@type":"EntryPoint","urlTemplate":"https:\/\/tastepoland.pl\/?s={search_term_string}"},"query-input":"required name=search_term_string"}],"inLanguage":"en-US"},{"@type":"ImageObject","inLanguage":"en-US","@id":"https:\/\/tastepoland.pl\/2016\/09\/12\/prawie-perfekcyjny-start-wakacji-palac-ciekocinko-kaszuby-polnocne\/#primaryimage","url":"https:\/\/tastepoland.pl\/wp-content\/uploads\/2016\/09\/ciekocinko-19.jpg","contentUrl":"https:\/\/tastepoland.pl\/wp-content\/uploads\/2016\/09\/ciekocinko-19.jpg","width":1400,"height":933},{"@type":"WebPage","@id":"https:\/\/tastepoland.pl\/2016\/09\/12\/prawie-perfekcyjny-start-wakacji-palac-ciekocinko-kaszuby-polnocne\/#webpage","url":"https:\/\/tastepoland.pl\/2016\/09\/12\/prawie-perfekcyjny-start-wakacji-palac-ciekocinko-kaszuby-polnocne\/","name":"[:pl]Prawie perfekcyjny start wakacji \u2013 Pa\u0142ac Ciekocinko \/ KASZUBY P\u00d3\u0141NOCNE[:]","isPartOf":{"@id":"https:\/\/tastepoland.pl\/#website"},"primaryImageOfPage":{"@id":"https:\/\/tastepoland.pl\/2016\/09\/12\/prawie-perfekcyjny-start-wakacji-palac-ciekocinko-kaszuby-polnocne\/#primaryimage"},"datePublished":"2016-09-12T20:16:38+00:00","dateModified":"2016-09-19T20:03:45+00:00","author":{"@id":"https:\/\/tastepoland.pl\/#\/schema\/person\/b1ffe71eabaacfe1377e649c1eb41abd"},"description":"Wspania\u0142y pa\u0142ac, malowniczy park, pyszne jedzenie... Czy to wystarczy, by uzna\u0107 Pa\u0142ac Ciekocinko za idealne miejsce na start wakacji?","breadcrumb":{"@id":"https:\/\/tastepoland.pl\/2016\/09\/12\/prawie-perfekcyjny-start-wakacji-palac-ciekocinko-kaszuby-polnocne\/#breadcrumb"},"inLanguage":"en-US","potentialAction":[{"@type":"ReadAction","target":["https:\/\/tastepoland.pl\/2016\/09\/12\/prawie-perfekcyjny-start-wakacji-palac-ciekocinko-kaszuby-polnocne\/"]}]},{"@type":"BreadcrumbList","@id":"https:\/\/tastepoland.pl\/2016\/09\/12\/prawie-perfekcyjny-start-wakacji-palac-ciekocinko-kaszuby-polnocne\/#breadcrumb","itemListElement":[{"@type":"ListItem","position":1,"name":"Strona g\u0142\u00f3wna","item":"https:\/\/tastepoland.pl\/"},{"@type":"ListItem","position":2,"name":"Prawie perfekcyjny start wakacji \u2013 Pa\u0142ac Ciekocinko \/ KASZUBY P\u00d3\u0141NOCNE"}]},{"@type":"Person","@id":"https:\/\/tastepoland.pl\/#\/schema\/person\/b1ffe71eabaacfe1377e649c1eb41abd","name":"TastePoland - Voytek","image":{"@type":"ImageObject","inLanguage":"en-US","@id":"https:\/\/tastepoland.pl\/#\/schema\/person\/image\/","url":"https:\/\/secure.gravatar.com\/avatar\/650ba892607b6bdcda75f61508b4f6f7?s=96&d=mm&r=g","contentUrl":"https:\/\/secure.gravatar.com\/avatar\/650ba892607b6bdcda75f61508b4f6f7?s=96&d=mm&r=g","caption":"TastePoland - Voytek"},"description":"Pasjonat podr\u00f3\u017cy, marketingu i rzemie\u015blniczych marek \u017cywno\u015bci. Doradca turystyki kulinarnej. Ex-ambasador World Food Travel Association w Polsce. Serce i rozum bloga Taste Poland. R\u00f3wnie dobrze czuje si\u0119\u00a0w namiocie na \u0142\u0105ce jak i ***** hotelu. Poszukuje smak\u00f3w, da\u0144\u00a0i miejsc, kt\u00f3re okre\u015blaj\u0105 smak Polski.","sameAs":["http:\/\/www.tastepoland.pl"]}]}},"_links":{"self":[{"href":"https:\/\/tastepoland.pl\/en\/wp-json\/wp\/v2\/posts\/3048"}],"collection":[{"href":"https:\/\/tastepoland.pl\/en\/wp-json\/wp\/v2\/posts"}],"about":[{"href":"https:\/\/tastepoland.pl\/en\/wp-json\/wp\/v2\/types\/post"}],"author":[{"embeddable":true,"href":"https:\/\/tastepoland.pl\/en\/wp-json\/wp\/v2\/users\/2"}],"replies":[{"embeddable":true,"href":"https:\/\/tastepoland.pl\/en\/wp-json\/wp\/v2\/comments?post=3048"}],"version-history":[{"count":7,"href":"https:\/\/tastepoland.pl\/en\/wp-json\/wp\/v2\/posts\/3048\/revisions"}],"predecessor-version":[{"id":3089,"href":"https:\/\/tastepoland.pl\/en\/wp-json\/wp\/v2\/posts\/3048\/revisions\/3089"}],"wp:featuredmedia":[{"embeddable":true,"href":"https:\/\/tastepoland.pl\/en\/wp-json\/wp\/v2\/media\/3060"}],"wp:attachment":[{"href":"https:\/\/tastepoland.pl\/en\/wp-json\/wp\/v2\/media?parent=3048"}],"wp:term":[{"taxonomy":"category","embeddable":true,"href":"https:\/\/tastepoland.pl\/en\/wp-json\/wp\/v2\/categories?post=3048"},{"taxonomy":"post_tag","embeddable":true,"href":"https:\/\/tastepoland.pl\/en\/wp-json\/wp\/v2\/tags?post=3048"}],"curies":[{"name":"wp","href":"https:\/\/api.w.org\/{rel}","templated":true}]}}