{"id":2147,"date":"2016-02-24T23:51:26","date_gmt":"2016-02-24T22:51:26","guid":{"rendered":"http:\/\/tastepoland.pl\/?p=2147"},"modified":"2022-05-07T11:27:11","modified_gmt":"2022-05-07T09:27:11","slug":"winnica","status":"publish","type":"post","link":"https:\/\/tastepoland.pl\/en\/2016\/02\/24\/winnica\/","title":{"rendered":"My\u015blisz wino&#8230; m\u00f3wisz&#8230; ?"},"content":{"rendered":"<p><\/p>\n<div id=\"penci-post-gallery__27692\" class=\"penci-post-gallery-container single-slider column-3\" data-height=\"300\" data-margin=\"3\"><div class=\"penci-owl-carousel penci-owl-carousel-slider penci-nav-visible\" data-auto=\"true\" data-lazy=\"true\"><figure><a class=\"penci-gallery-ite item-gallery-single-slider item-link-relative\" href=\"https:\/\/tastepoland.pl\/wp-content\/uploads\/2016\/02\/winnica-2.jpg\" data-cap=\"\u017belazny most w Cigacicach\"><span class=\"penci-isotope-padding\" style=\"padding-bottom:66.66666667%;\"><\/span><img src=\"https:\/\/tastepoland.pl\/wp-content\/uploads\/2016\/02\/winnica-2-1170x780.jpg\" alt=\"\" title=\"winnica-2\"><\/a><p class=\"penci-single-gallery-captions\">\u017belazny most w Cigacicach<\/p><\/figure><figure><a class=\"penci-gallery-ite item-gallery-single-slider item-link-relative\" href=\"https:\/\/tastepoland.pl\/wp-content\/uploads\/2016\/02\/winnica-11.jpg\" data-cap=\"Winnica wita nas star\u0105 lip\u0105 przy wjezdzie\"><span class=\"penci-isotope-padding\" style=\"padding-bottom:66.66666667%;\"><\/span><img src=\"https:\/\/tastepoland.pl\/wp-content\/uploads\/2016\/02\/winnica-11-1170x780.jpg\" alt=\"\" title=\"winnica-11\"><\/a><p class=\"penci-single-gallery-captions\">Winnica wita nas star\u0105 lip\u0105 przy wjezdzie<\/p><\/figure><figure><a class=\"penci-gallery-ite item-gallery-single-slider item-link-relative\" href=\"https:\/\/tastepoland.pl\/wp-content\/uploads\/2016\/02\/winnica-4.jpg\" data-cap=\"Oto i Winny Dworek\"><span class=\"penci-isotope-padding\" style=\"padding-bottom:66.66666667%;\"><\/span><img src=\"https:\/\/tastepoland.pl\/wp-content\/uploads\/2016\/02\/winnica-4-1170x780.jpg\" alt=\"\" title=\"winnica-4\"><\/a><p class=\"penci-single-gallery-captions\">Oto i Winny Dworek<\/p><\/figure><figure><a class=\"penci-gallery-ite item-gallery-single-slider item-link-relative\" href=\"https:\/\/tastepoland.pl\/wp-content\/uploads\/2016\/02\/winnica-5.jpg\" data-cap=\"Winnica\"><span class=\"penci-isotope-padding\" style=\"padding-bottom:66.66666667%;\"><\/span><img src=\"https:\/\/tastepoland.pl\/wp-content\/uploads\/2016\/02\/winnica-5-1170x780.jpg\" alt=\"\" title=\"winnica-5\"><\/a><p class=\"penci-single-gallery-captions\">Winnica<\/p><\/figure><figure><a class=\"penci-gallery-ite item-gallery-single-slider item-link-relative\" href=\"https:\/\/tastepoland.pl\/wp-content\/uploads\/2016\/02\/winnica-6.jpg\" data-cap=\"Winnica\"><span class=\"penci-isotope-padding\" style=\"padding-bottom:150.00000000%;\"><\/span><img src=\"https:\/\/tastepoland.pl\/wp-content\/uploads\/2016\/02\/winnica-6-1170x1755.jpg\" alt=\"\" title=\"winnica-6\"><\/a><p class=\"penci-single-gallery-captions\">Winnica<\/p><\/figure><figure><a class=\"penci-gallery-ite item-gallery-single-slider item-link-relative\" href=\"https:\/\/tastepoland.pl\/wp-content\/uploads\/2016\/02\/winnica-7.jpg\" data-cap=\"Winnica\"><span class=\"penci-isotope-padding\" style=\"padding-bottom:66.66666667%;\"><\/span><img src=\"https:\/\/tastepoland.pl\/wp-content\/uploads\/2016\/02\/winnica-7-1170x780.jpg\" alt=\"\" title=\"winnica-7\"><\/a><p class=\"penci-single-gallery-captions\">Winnica<\/p><\/figure><figure><a class=\"penci-gallery-ite item-gallery-single-slider item-link-relative\" href=\"https:\/\/tastepoland.pl\/wp-content\/uploads\/2016\/02\/winnica-8.jpg\"><span class=\"penci-isotope-padding\" style=\"padding-bottom:66.66666667%;\"><\/span><img src=\"https:\/\/tastepoland.pl\/wp-content\/uploads\/2016\/02\/winnica-8-1170x780.jpg\" alt=\"\" title=\"winnica-8\"><\/a><\/figure><figure><a class=\"penci-gallery-ite item-gallery-single-slider item-link-relative\" href=\"https:\/\/tastepoland.pl\/wp-content\/uploads\/2016\/02\/winnica-9.jpg\" data-cap=\"Jablonie w ogrodzie\"><span class=\"penci-isotope-padding\" style=\"padding-bottom:66.66666667%;\"><\/span><img src=\"https:\/\/tastepoland.pl\/wp-content\/uploads\/2016\/02\/winnica-9-1170x780.jpg\" alt=\"\" title=\"winnica-9\"><\/a><p class=\"penci-single-gallery-captions\">Jablonie w ogrodzie<\/p><\/figure><figure><a class=\"penci-gallery-ite item-gallery-single-slider item-link-relative\" href=\"https:\/\/tastepoland.pl\/wp-content\/uploads\/2016\/02\/winnica-10.jpg\"><span class=\"penci-isotope-padding\" style=\"padding-bottom:150.00000000%;\"><\/span><img src=\"https:\/\/tastepoland.pl\/wp-content\/uploads\/2016\/02\/winnica-10-1170x1755.jpg\" alt=\"\" title=\"winnica-10\"><\/a><\/figure><figure><a class=\"penci-gallery-ite item-gallery-single-slider item-link-relative\" href=\"https:\/\/tastepoland.pl\/wp-content\/uploads\/2016\/02\/winnica-12.jpg\"><span class=\"penci-isotope-padding\" style=\"padding-bottom:66.66666667%;\"><\/span><img src=\"https:\/\/tastepoland.pl\/wp-content\/uploads\/2016\/02\/winnica-12-1170x780.jpg\" alt=\"\" title=\"winnica-12\"><\/a><\/figure><figure><a class=\"penci-gallery-ite item-gallery-single-slider item-link-relative\" href=\"https:\/\/tastepoland.pl\/wp-content\/uploads\/2016\/02\/winnica-13.jpg\"><span class=\"penci-isotope-padding\" style=\"padding-bottom:150.00000000%;\"><\/span><img src=\"https:\/\/tastepoland.pl\/wp-content\/uploads\/2016\/02\/winnica-13-1170x1755.jpg\" alt=\"\" title=\"winnica-13\"><\/a><\/figure><\/div><\/div>\n<p style=\"text-align: justify;\"><strong>My\u015blisz wino&#8230; m\u00f3wisz Francja, W\u0142ochy, Hiszpania&#8230; Widzisz zalane s\u0142o\u0144cem stoki bezkresnych winnic. Czujesz zapach gor\u0105cego po\u0142udniowego powietrza. P\u00f3\u017anym\u00a0popo\u0142udniem, co mo\u017ce smakowa\u0107 lepiej ni\u017c talerz lokalnych antipasti i butelka wina kupionego w winnicy przez kt\u00f3r\u0105 w\u0142a\u015bnie przejecha\u0142e\u015b?<\/strong><\/p>\n<p style=\"text-align: justify;\">Czy trzeba koniecznie jecha\u0107 a\u017c na po\u0142udnie Europy by tego do\u015bwiadczy\u0107? A co my\u015blisz, jak kto\u015b m\u00f3wi &#8220;polskie wino&#8221;? Co masz w g\u0142owie s\u0142ysz\u0105c &#8220;polska winnica&#8221;? By\u0107 mo\u017ce niewiele. Ja, jak kiedy\u015b wspomnia\u0142em mojej \u017conie, \u017ce mo\u017ce na Taste Poland zaczniemy testowa\u0107 polskie wina, zabi\u0142a mnie prawie \u015bmiechem. No co\u017c mo\u017ce polskich tradycji winiarskich nie mo\u017cna p\u00f3wnywa\u0107 do w\u0142oskich czy francuskich&#8230; ale jak by nie by\u0142o s\u0105 w u nas w Polsce prawdziwe winnice.<\/p>\n<p style=\"text-align: justify;\"><strong>Gdzie?<\/strong><\/p>\n<p style=\"text-align: justify;\">S\u0142ysza\u0142em o tych w okolicach Sandomierza, Podkarpaciu i okolicach Kazimierza Dolnego. Nawet prawie tam nie trafili\u015bmy w drodze na kulinarne wakacje 2015, ostatecznie wybrali\u015bmy jednak inn\u0105 tras\u0119. Natomiast pewnie co jest mniej oczywiste, przegl\u0105daj\u0105c kiedy\u015b kulinarne szlaki Polski &#8211; trafi\u0142em na inny&#8230; na Lubuski Szlak Wina i Miodu.\u00a0No tylko trzeba by\u0142o si\u0119 wybra\u0107 pod Zielon\u0105 G\u00f3r\u0119&#8230; W wakacje si\u0119 nie uda\u0142o&#8230; natomiast jak dotar\u0142em tam pod koniec stycznia, chcia\u0142em zrobi\u0107 ma\u0142\u0105 eksploracj\u0119 pod &#8220;winne&#8221; wakacje 2016.<\/p>\n<p style=\"text-align: justify;\">Nie wiem czy wiecie, \u017ce uprawa winoro\u015bli na tych terenach si\u0119ga a\u017c XIV wieku, a na skal\u0119 przemys\u0142ow\u0105 prawdziwa produkcja rozpocz\u0119\u0142a si\u0119 na pocz\u0105tku XIXw. Czy\u00a0wiecie, \u017ce patronem Zielonej G\u00f3ry\u00a0jest \u015aw. Urban I &#8211; patron winiarzy\u00a0i\u00a0ogrodnik\u00f3w. Pewnie te\u017c nie macie poj\u0119cia,\u00a0\u017ce w \u015brodku miasta jest miejsce na ponad 3 hektarow\u0105 winnic\u0119 na \u00a0Winnym Wzg\u00f3rzu. No i pewnie ostatnia ciekawostka dla tych wszystkich, kt\u00f3rzy jeszcze w XX wieku mieli romanse z tanim owocowym polskim winem &#8211; du\u017ca szansa, \u017ce pochodzi\u0142o w\u0142a\u015bnie ze zlikwidowanej w 1999 roku Lubuskiej Fabryki Win \ud83d\ude09<\/p>\n<p style=\"text-align: justify;\">Jak ju\u017c znalaz\u0142em si\u0119 w Zielonej chcia\u0142em si\u0119\u00a0temu winnemu tematowi przyjrze\u0107 tak, \u017ce decyzja by\u0142a szybka &#8211; trzeba wybra\u0107 winnic\u0119\u00a0do odwiedzenia w drodze powrotnej do domu.<\/p>\n<p style=\"text-align: justify;\">Okolice miasta to tereny uprawy winoro\u015bli&#8230; mo\u017ce nie tak s\u0142ynne jak Toskania. Tylko jak si\u0119 wybra\u0107 do winnicy na pocz\u0105tku lutego? Pad\u0142o na tak\u0105, gdzie jest hotel. Namierzy\u0142em winnic\u0119\u00a0<strong>Stara Winna G\u00f3ra<\/strong>\u00a0z\u00a0<strong>Winnym Dworkiem<\/strong> i postanowi\u0142em si\u0119 tam wybra\u0107 zaraz po\u00a0\u015bniadaniu. Dodzwoni\u0107 mi si\u0119 nie uda\u0142o, ale by\u0142o &#8220;po drodze&#8221; wi\u0119c perspektywa straty paru minut nie by\u0142a gro\u017ana. Ruszy\u0142em w kierunku Cigacic, gdzie przez Odr\u0119 trzeba przedosta\u0107 si\u0119 starym, \u017celaznym mostem&#8230; stamt\u0105d ju\u017c tylko chwila dzieli\u0142a mnie od dotarcia na miejsce.<\/p>\n<p style=\"text-align: justify;\">By\u0142o otwarte. Mo\u017ce koniec stycznia to nie najlepszy czas na zwiedzanie winnic, ale moja wyobra\u017ania pozwoli\u0142a sobie to wyobrazi\u0107 jak jest latem. Do tego pogoda pomog\u0142a, gdy\u017c szykowa\u0142 si\u0119 naprawd\u0119 s\u0142oneczny dzie\u0144. Ju\u017c od wjazdu witaj\u0105 krzaki winoro\u015bli, a oczom ukazuje si\u0119 Winny Dworek. Nie do ko\u0144ca to moja estetyka, ale w ca\u0142o\u015bci z terenem daje rad\u0119 \ud83d\ude42 Latem musi by\u0107 tu na prawd\u0119 pi\u0119knie.<\/p>\n<p style=\"text-align: justify;\">Pani w recepcji Dworku, poinformowa\u0142a mnie, co mo\u017cna kupi\u0107 (w ko\u0144cu do Warszawy wybra\u0142y si\u0119\u00a0dwie butelki bia\u0142ego: Znad Pradoliny i Riesling Liryczny) oraz o tym co mo\u017cna zobaczy\u0107 i prze\u017cy\u0107 na miejscu<\/p>\n<p style=\"text-align: justify;\">a) <em><strong>Restauracja <\/strong><\/em>&#8211; niestety by\u0142a czynna dopiero od 12. Zdj\u0119cia na Facebooku zach\u0119ca\u0142y do spr\u00f3bowania, a koncept oparty na tradycyjnych produktach regionu jak najbardziej wpisuje si\u0119 w to, czego zawsze szukamy jako <strong>Taste Poland.<\/strong> Szkoda, \u017ce nie da\u0142o si\u0119 tego spr\u00f3bowa\u0107&#8230;<\/p>\n<p style=\"text-align: justify;\">b) Hotel dysponuje kilkoma pokojami, mo\u017cna wi\u0119c zaplanowa\u0107 sobie pobyt<em>\u00a0<\/em>(niestety wszystkie wakacyjne weekendy 2016 s\u0105 zaj\u0119te, gdy\u017c przy okazji jest to popularne miejsce weselne)<\/p>\n<p style=\"text-align: justify;\">c) w sezonie &#8211; dla grup jest\u00a0<strong><em>mo\u017cliwo\u015b\u0107\u00a0zorganizowania degustacji i wina i lokalnych wyrob\u00f3w.<\/em><\/strong> Um\u00f3wienie wcze\u015bniej mo\u017ce zaowocowa\u0107 tym, \u017ce o tajemnicach winnicy i jej win, b\u0119dzie opowiada\u0142 sam w\u0142a\u015bciciel. Niestety opcja tylko dla du\u017cych grup lub mieszka\u0144c\u00f3w dworku&#8230; (patrz punkt b, co skutecznie eliminuje turyst\u00f3w ad hoc \ud83d\ude41 )<\/p>\n<p style=\"text-align: justify;\">d) <strong><em>Maj\u0105 winne spa<\/em>&#8230;<\/strong> i tu si\u0119 rozmarzy\u0142em. Pami\u0119tam, jak w Toskanii po ca\u0142ym dniu jazdy wyl\u0105dowali\u015bmy w ma\u0142ych hoteliku z widokiem na winnic\u0119 i najbardziej miejscem na bajkow\u0105 k\u0105piel\u0105 z dodatkiem wina w ogromnej wannie. Nie wiem, czy tu jest szansa na takie same prze\u017cycia, ale karta spa przedstawia si\u0119 ciekawie&#8230; Maj\u0105 sauny, hammam, k\u0105piele i oczywscie masa\u017ce. \u00a0Zach\u0119ca zar\u00f3wno &#8220;Ceremonia Boskiego Bachusa&#8221; jak i &#8220;Winne oczyszczenie&#8221;<\/p>\n<p style=\"text-align: justify;\">e) Dla ch\u0119tnych golfiarzy jest te\u017c i pole golfowe &#8220;Kalinowe Pola&#8221;. Wprawdzie nie winnicy, ale okolo 35\u00a0km. Ca\u0142o\u015b\u0107 ciekawie opakowana jako pakiet <em><strong>Golf &amp; Wino<\/strong><\/em>&#8230;<\/p>\n<p style=\"text-align: justify;\">Czyli og\u00f3\u0142nie do\u015b\u0107 winnie \ud83d\ude42 Na koniec chcia\u0142em jeszcze spojrze\u0107, jak wygl\u0105da sama winnica&#8230; Malowniczo&#8230; nawet jak na t\u0105 por\u0119 roku, \u0142agodnie opadaj\u0105cy stok, pe\u0142en szpaler\u00f3w winoro\u015bli &#8211; z\u00a0oddali majacz\u0105c\u0105 Zielona G\u00f3r\u0105 a u podn\u00f3\u017cy wij\u0105c\u0105 si\u0119 wst\u0119g\u0105 Odry&#8230;<\/p>\n<p style=\"text-align: justify;\">Nie wiem jak jest z pobytem, nie wiem jest z jedzeniem, nie wiem jak jest w innych winnicach&#8230; Wiem jedno, chcia\u0142bym kiedy\u015b, jak bohaterowie &#8220;Bezdro\u017cy&#8221; Payena wsi\u0105\u015b\u0107 w auto\u00a0i odkrywa\u0107, to co te okolice maj\u0105 do zaoferowania&#8230; Mam nadziej\u0119, \u017ce by\u0142oby warto.<\/p>\n<p style=\"text-align: justify;\">PS. W drodze do autostrady A2 mijacie \u015awiebodzin &#8211; z nasz\u0105 wersj\u0105 Chrystusa z Rio. Wprawdzie nie tak malowniczo na skale ale z drogi wida\u0107 jego plecy. Dla ch\u0119tnych mo\u017cna podjecha\u0107.<\/p>\n<p><strong>Winny Dworek \u00a0\/Winnica Stara Winna G\u00f3ra <\/strong><br \/>\n<em>G\u00f3rzykowo 22; \u00a066-131 Cigacice <\/em><br \/>\n<em>recepcja\u00a0tel. 68 385 92 79 wew. 10<\/em><\/p>\n<p><em><strong>Hotel i Winnica\u00a0<a href=\"http:\/\/www.winnydworek.pl\" target=\"_blank\" rel=\"noopener\">www.winnydworek.pl<\/a><\/strong><\/em><\/p>\n<p><em><strong>Pole Golfowe\u00a0<a href=\"http:\/\/kalinowepola.pl\" target=\"_blank\" rel=\"noopener\">www.kalinowepola.pl<\/a><\/strong><\/em><\/p>\n<p style=\"text-align: justify;\"><strong>Informacje o innych winnicach:\u00a0<\/strong><em><strong><a href=\"http:\/\/atrakcjelubuskie.pl\/pl\/sub\/winnice.html\">atrakcjelubuskie.pl<\/a><\/strong><\/em><\/p>\n<div class=\"page\" title=\"Page 31\">\n<div class=\"section\">\n<div class=\"layoutArea\">\n<div class=\"column\">\n<p>&nbsp;<\/p>\n<\/div>\n<\/div>\n<\/div>\n<\/div>\n<p><\/p>","protected":false},"excerpt":{"rendered":"<p>My\u015blisz wino&#8230; m\u00f3wisz Francja, W\u0142ochy, Hiszpania&#8230; Widzisz zalane s\u0142o\u0144cem stoki bezkresnych winnic. Czujesz zapach gor\u0105cego&hellip;<\/p>\n","protected":false},"author":2,"featured_media":2170,"comment_status":"open","ping_status":"open","sticky":false,"template":"","format":"standard","meta":[],"categories":[39,4,38],"tags":[12,21,33],"yoast_head":"<!-- This site is optimized with the Yoast SEO plugin v19.0 - https:\/\/yoast.com\/wordpress\/plugins\/seo\/ -->\n<title>My\u015blisz wino... m\u00f3wisz... ?<\/title>\n<meta name=\"robots\" content=\"index, follow, max-snippet:-1, max-image-preview:large, max-video-preview:-1\" \/>\n<link rel=\"canonical\" href=\"https:\/\/tastepoland.pl\/2016\/02\/24\/winnica\/\" \/>\n<meta property=\"og:locale\" content=\"en_US\" \/>\n<meta property=\"og:type\" content=\"article\" \/>\n<meta property=\"og:title\" content=\"[:pl]My\u015blisz wino... m\u00f3wisz... ? \/ LUBUSKIE[:en]My\u015blisz wino... m\u00f3wisz... ?[:]\" \/>\n<meta property=\"og:description\" content=\"My\u015blisz wino&#8230; m\u00f3wisz Francja, W\u0142ochy, Hiszpania&#8230; Widzisz zalane s\u0142o\u0144cem stoki bezkresnych winnic. Czujesz zapach gor\u0105cego&hellip;\" \/>\n<meta property=\"og:url\" content=\"https:\/\/tastepoland.pl\/2016\/02\/24\/winnica\/\" \/>\n<meta property=\"og:site_name\" content=\"TASTE POLAND by Wojtek Osi\u0144ski\" \/>\n<meta property=\"article:publisher\" content=\"https:\/\/www.facebook.com\/tastepoland\/\" \/>\n<meta property=\"article:published_time\" content=\"2016-02-24T22:51:26+00:00\" \/>\n<meta property=\"article:modified_time\" content=\"2022-05-07T09:27:11+00:00\" \/>\n<meta property=\"og:image\" content=\"https:\/\/tastepoland.pl\/wp-content\/uploads\/2016\/02\/winnica-10.jpg\" \/>\n\t<meta property=\"og:image:width\" content=\"1200\" \/>\n\t<meta property=\"og:image:height\" content=\"1800\" \/>\n\t<meta property=\"og:image:type\" content=\"image\/jpeg\" \/>\n<meta name=\"twitter:card\" content=\"summary\" \/>\n<meta name=\"twitter:creator\" content=\"@tastepoland\" \/>\n<meta name=\"twitter:site\" content=\"@tastepoland\" \/>\n<meta name=\"twitter:label1\" content=\"Written by\" \/>\n\t<meta name=\"twitter:data1\" content=\"TastePoland - Voytek\" \/>\n\t<meta name=\"twitter:label2\" content=\"Est. reading time\" \/>\n\t<meta name=\"twitter:data2\" content=\"10 minutes\" \/>\n<script type=\"application\/ld+json\" class=\"yoast-schema-graph\">{\"@context\":\"https:\/\/schema.org\",\"@graph\":[{\"@type\":\"WebSite\",\"@id\":\"https:\/\/tastepoland.pl\/#website\",\"url\":\"https:\/\/tastepoland.pl\/\",\"name\":\"TASTE POLAND by Wojtek Osi\u0144ski\",\"description\":\"Travel inspiration, reviews and own thoughts thats all what culinary tourist needs\",\"potentialAction\":[{\"@type\":\"SearchAction\",\"target\":{\"@type\":\"EntryPoint\",\"urlTemplate\":\"https:\/\/tastepoland.pl\/?s={search_term_string}\"},\"query-input\":\"required name=search_term_string\"}],\"inLanguage\":\"en-US\"},{\"@type\":\"ImageObject\",\"inLanguage\":\"en-US\",\"@id\":\"https:\/\/tastepoland.pl\/2016\/02\/24\/winnica\/#primaryimage\",\"url\":\"https:\/\/tastepoland.pl\/wp-content\/uploads\/2016\/02\/winnica-10.jpg\",\"contentUrl\":\"https:\/\/tastepoland.pl\/wp-content\/uploads\/2016\/02\/winnica-10.jpg\",\"width\":1200,\"height\":1800},{\"@type\":\"WebPage\",\"@id\":\"https:\/\/tastepoland.pl\/2016\/02\/24\/winnica\/#webpage\",\"url\":\"https:\/\/tastepoland.pl\/2016\/02\/24\/winnica\/\",\"name\":\"[:pl]My\u015blisz wino... m\u00f3wisz... ? \/ LUBUSKIE[:en]My\u015blisz wino... m\u00f3wisz... ?[:]\",\"isPartOf\":{\"@id\":\"https:\/\/tastepoland.pl\/#website\"},\"primaryImageOfPage\":{\"@id\":\"https:\/\/tastepoland.pl\/2016\/02\/24\/winnica\/#primaryimage\"},\"datePublished\":\"2016-02-24T22:51:26+00:00\",\"dateModified\":\"2022-05-07T09:27:11+00:00\",\"author\":{\"@id\":\"https:\/\/tastepoland.pl\/#\/schema\/person\/b1ffe71eabaacfe1377e649c1eb41abd\"},\"breadcrumb\":{\"@id\":\"https:\/\/tastepoland.pl\/2016\/02\/24\/winnica\/#breadcrumb\"},\"inLanguage\":\"en-US\",\"potentialAction\":[{\"@type\":\"ReadAction\",\"target\":[\"https:\/\/tastepoland.pl\/2016\/02\/24\/winnica\/\"]}]},{\"@type\":\"BreadcrumbList\",\"@id\":\"https:\/\/tastepoland.pl\/2016\/02\/24\/winnica\/#breadcrumb\",\"itemListElement\":[{\"@type\":\"ListItem\",\"position\":1,\"name\":\"Strona g\u0142\u00f3wna\",\"item\":\"https:\/\/tastepoland.pl\/\"},{\"@type\":\"ListItem\",\"position\":2,\"name\":\"[:pl]My\u015blisz wino&#8230; m\u00f3wisz&#8230; ? \/ LUBUSKIE[:en]My\u015blisz wino&#8230; m\u00f3wisz&#8230; ?[:]\"}]},{\"@type\":\"Person\",\"@id\":\"https:\/\/tastepoland.pl\/#\/schema\/person\/b1ffe71eabaacfe1377e649c1eb41abd\",\"name\":\"TastePoland - Voytek\",\"image\":{\"@type\":\"ImageObject\",\"inLanguage\":\"en-US\",\"@id\":\"https:\/\/tastepoland.pl\/#\/schema\/person\/image\/\",\"url\":\"https:\/\/secure.gravatar.com\/avatar\/650ba892607b6bdcda75f61508b4f6f7?s=96&d=mm&r=g\",\"contentUrl\":\"https:\/\/secure.gravatar.com\/avatar\/650ba892607b6bdcda75f61508b4f6f7?s=96&d=mm&r=g\",\"caption\":\"TastePoland - Voytek\"},\"description\":\"Pasjonat podr\u00f3\u017cy, marketingu i rzemie\u015blniczych marek \u017cywno\u015bci. Doradca turystyki kulinarnej. Ex-ambasador World Food Travel Association w Polsce. Serce i rozum bloga Taste Poland. R\u00f3wnie dobrze czuje si\u0119\u00a0w namiocie na \u0142\u0105ce jak i ***** hotelu. Poszukuje smak\u00f3w, da\u0144\u00a0i miejsc, kt\u00f3re okre\u015blaj\u0105 smak Polski.\",\"sameAs\":[\"http:\/\/www.tastepoland.pl\"]}]}<\/script>\n<!-- \/ Yoast SEO plugin. -->","yoast_head_json":{"title":"[:pl]My\u015blisz wino... m\u00f3wisz... ? \/ LUBUSKIE[:en]My\u015blisz wino... m\u00f3wisz... ?[:]","robots":{"index":"index","follow":"follow","max-snippet":"max-snippet:-1","max-image-preview":"max-image-preview:large","max-video-preview":"max-video-preview:-1"},"canonical":"https:\/\/tastepoland.pl\/2016\/02\/24\/winnica\/","og_locale":"en_US","og_type":"article","og_title":"[:pl]My\u015blisz wino... m\u00f3wisz... ? \/ LUBUSKIE[:en]My\u015blisz wino... m\u00f3wisz... ?[:]","og_description":"My\u015blisz wino&#8230; m\u00f3wisz Francja, W\u0142ochy, Hiszpania&#8230; Widzisz zalane s\u0142o\u0144cem stoki bezkresnych winnic. Czujesz zapach gor\u0105cego&hellip;","og_url":"https:\/\/tastepoland.pl\/2016\/02\/24\/winnica\/","og_site_name":"TASTE POLAND by Wojtek Osi\u0144ski","article_publisher":"https:\/\/www.facebook.com\/tastepoland\/","article_published_time":"2016-02-24T22:51:26+00:00","article_modified_time":"2022-05-07T09:27:11+00:00","og_image":[{"width":1200,"height":1800,"url":"https:\/\/tastepoland.pl\/wp-content\/uploads\/2016\/02\/winnica-10.jpg","type":"image\/jpeg"}],"twitter_card":"summary","twitter_creator":"@tastepoland","twitter_site":"@tastepoland","twitter_misc":{"Written by":"TastePoland - Voytek","Est. reading time":"10 minutes"},"schema":{"@context":"https:\/\/schema.org","@graph":[{"@type":"WebSite","@id":"https:\/\/tastepoland.pl\/#website","url":"https:\/\/tastepoland.pl\/","name":"TASTE POLAND by Wojtek Osi\u0144ski","description":"Travel inspiration, reviews and own thoughts thats all what culinary tourist needs","potentialAction":[{"@type":"SearchAction","target":{"@type":"EntryPoint","urlTemplate":"https:\/\/tastepoland.pl\/?s={search_term_string}"},"query-input":"required name=search_term_string"}],"inLanguage":"en-US"},{"@type":"ImageObject","inLanguage":"en-US","@id":"https:\/\/tastepoland.pl\/2016\/02\/24\/winnica\/#primaryimage","url":"https:\/\/tastepoland.pl\/wp-content\/uploads\/2016\/02\/winnica-10.jpg","contentUrl":"https:\/\/tastepoland.pl\/wp-content\/uploads\/2016\/02\/winnica-10.jpg","width":1200,"height":1800},{"@type":"WebPage","@id":"https:\/\/tastepoland.pl\/2016\/02\/24\/winnica\/#webpage","url":"https:\/\/tastepoland.pl\/2016\/02\/24\/winnica\/","name":"[:pl]My\u015blisz wino... m\u00f3wisz... ? \/ LUBUSKIE[:en]My\u015blisz wino... m\u00f3wisz... ?[:]","isPartOf":{"@id":"https:\/\/tastepoland.pl\/#website"},"primaryImageOfPage":{"@id":"https:\/\/tastepoland.pl\/2016\/02\/24\/winnica\/#primaryimage"},"datePublished":"2016-02-24T22:51:26+00:00","dateModified":"2022-05-07T09:27:11+00:00","author":{"@id":"https:\/\/tastepoland.pl\/#\/schema\/person\/b1ffe71eabaacfe1377e649c1eb41abd"},"breadcrumb":{"@id":"https:\/\/tastepoland.pl\/2016\/02\/24\/winnica\/#breadcrumb"},"inLanguage":"en-US","potentialAction":[{"@type":"ReadAction","target":["https:\/\/tastepoland.pl\/2016\/02\/24\/winnica\/"]}]},{"@type":"BreadcrumbList","@id":"https:\/\/tastepoland.pl\/2016\/02\/24\/winnica\/#breadcrumb","itemListElement":[{"@type":"ListItem","position":1,"name":"Strona g\u0142\u00f3wna","item":"https:\/\/tastepoland.pl\/"},{"@type":"ListItem","position":2,"name":"[:pl]My\u015blisz wino&#8230; m\u00f3wisz&#8230; ? \/ LUBUSKIE[:en]My\u015blisz wino&#8230; m\u00f3wisz&#8230; ?[:]"}]},{"@type":"Person","@id":"https:\/\/tastepoland.pl\/#\/schema\/person\/b1ffe71eabaacfe1377e649c1eb41abd","name":"TastePoland - Voytek","image":{"@type":"ImageObject","inLanguage":"en-US","@id":"https:\/\/tastepoland.pl\/#\/schema\/person\/image\/","url":"https:\/\/secure.gravatar.com\/avatar\/650ba892607b6bdcda75f61508b4f6f7?s=96&d=mm&r=g","contentUrl":"https:\/\/secure.gravatar.com\/avatar\/650ba892607b6bdcda75f61508b4f6f7?s=96&d=mm&r=g","caption":"TastePoland - Voytek"},"description":"Pasjonat podr\u00f3\u017cy, marketingu i rzemie\u015blniczych marek \u017cywno\u015bci. Doradca turystyki kulinarnej. Ex-ambasador World Food Travel Association w Polsce. Serce i rozum bloga Taste Poland. R\u00f3wnie dobrze czuje si\u0119\u00a0w namiocie na \u0142\u0105ce jak i ***** hotelu. Poszukuje smak\u00f3w, da\u0144\u00a0i miejsc, kt\u00f3re okre\u015blaj\u0105 smak Polski.","sameAs":["http:\/\/www.tastepoland.pl"]}]}},"_links":{"self":[{"href":"https:\/\/tastepoland.pl\/en\/wp-json\/wp\/v2\/posts\/2147"}],"collection":[{"href":"https:\/\/tastepoland.pl\/en\/wp-json\/wp\/v2\/posts"}],"about":[{"href":"https:\/\/tastepoland.pl\/en\/wp-json\/wp\/v2\/types\/post"}],"author":[{"embeddable":true,"href":"https:\/\/tastepoland.pl\/en\/wp-json\/wp\/v2\/users\/2"}],"replies":[{"embeddable":true,"href":"https:\/\/tastepoland.pl\/en\/wp-json\/wp\/v2\/comments?post=2147"}],"version-history":[{"count":26,"href":"https:\/\/tastepoland.pl\/en\/wp-json\/wp\/v2\/posts\/2147\/revisions"}],"predecessor-version":[{"id":5138,"href":"https:\/\/tastepoland.pl\/en\/wp-json\/wp\/v2\/posts\/2147\/revisions\/5138"}],"wp:featuredmedia":[{"embeddable":true,"href":"https:\/\/tastepoland.pl\/en\/wp-json\/wp\/v2\/media\/2170"}],"wp:attachment":[{"href":"https:\/\/tastepoland.pl\/en\/wp-json\/wp\/v2\/media?parent=2147"}],"wp:term":[{"taxonomy":"category","embeddable":true,"href":"https:\/\/tastepoland.pl\/en\/wp-json\/wp\/v2\/categories?post=2147"},{"taxonomy":"post_tag","embeddable":true,"href":"https:\/\/tastepoland.pl\/en\/wp-json\/wp\/v2\/tags?post=2147"}],"curies":[{"name":"wp","href":"https:\/\/api.w.org\/{rel}","templated":true}]}}